{"id":3501,"date":"2022-10-08T08:29:32","date_gmt":"2022-10-08T06:29:32","guid":{"rendered":"http:\/\/www.kloster-aiterhofen.de\/Wordpress\/wordpress\/?p=3501"},"modified":"2022-10-08T08:29:34","modified_gmt":"2022-10-08T06:29:34","slug":"franziskusfest-mit-verschiedenen-angeboten","status":"publish","type":"post","link":"http:\/\/www.kloster-aiterhofen.de\/Wordpress\/wordpress\/2022\/10\/08\/franziskusfest-mit-verschiedenen-angeboten\/","title":{"rendered":"Franziskusfest mit verschiedenen Angeboten"},"content":{"rendered":"\n<p>Zeitnah am Fest des Hl. Franziskus fand in der BFS f\u00fcr alle Sch\u00fclerinnen und Sch\u00fcler ein Franziskusfest statt. Nach einem kurzen Film, in dem das Leben und die besonderen Facetten des Hl. Franziskus dargestellt wurden, konnten sich die Sch\u00fclerinnen und Sch\u00fcler in Gruppen zu einzelnen Themen treffen. In der Gruppe &#8222;Sonnentanz&#8220; wurde ein Tanz mit T\u00fcchern zu dem bekannten Lied &#8222;Laudato si&#8220; entwickelt und mit viel Freude erarbeitet. Eine andere Gruppe erstelle mit unterschiedlichen Materialien aus der Natur Bilder zu den einzelnen Strofen des Sonnengesangs. Wieder eine andere Gruppe erforschte das Kloster und die Umgebung in einem Quiz, um mehr \u00fcber das Leben des Heiligen und sein Leben zu erfahren. Eine weitere Gruppe stieg tiefer in seine Spiritualit\u00e4t ein und versuchte mit der Erz\u00e4hlung von der Begegnung in San Damiano zu erarbeiten, was notwendig ist f\u00fcr eine Gemeinschaft. Die gefundenen Begriffe wurden in Herzform auf einem Plakat angeordnet. Dar\u00fcber hinaus konnte am Beispiel der Begegnung von Franziskus mit dem Auss\u00e4tzigen, lange Zeit war dieses Bild das Logo der Schule, im Gespr\u00e4ch miteinander ergr\u00fcnden, wo heute &#8222;Auss\u00e4tzige&#8220; sind, Leute am Rand, besonders auch alte Menschen und Menschen mit Handicap. Am Ende der Einheit trafen sich alle zum gemeinsamen Tanz des Sonnengesangs im Innenhof der Schule.<\/p>\n\n\n\n<figure data-carousel-extra='{\"blog_id\":1,\"permalink\":\"http:\\\/\\\/www.kloster-aiterhofen.de\\\/Wordpress\\\/wordpress\\\/2022\\\/10\\\/08\\\/franziskusfest-mit-verschiedenen-angeboten\\\/\"}'  class=\"wp-block-gallery has-nested-images columns-default is-cropped wp-block-gallery-1 is-layout-flex wp-block-gallery-is-layout-flex\">\n<figure class=\"wp-block-image size-large is-style-default\"><a href=\"http:\/\/www.kloster-aiterhofen.de\/Wordpress\/wordpress\/wp-content\/uploads\/2022\/10\/04aa23f0-05d4-4b65-9317-d754c101fc62.jpg\"><img data-attachment-id=\"3509\" data-permalink=\"http:\/\/www.kloster-aiterhofen.de\/Wordpress\/wordpress\/2022\/10\/08\/franziskusfest-mit-verschiedenen-angeboten\/04aa23f0-05d4-4b65-9317-d754c101fc62\/\" data-orig-file=\"http:\/\/www.kloster-aiterhofen.de\/Wordpress\/wordpress\/wp-content\/uploads\/2022\/10\/04aa23f0-05d4-4b65-9317-d754c101fc62.jpg\" data-orig-size=\"1536,2048\" data-comments-opened=\"0\" data-image-meta=\"{&quot;aperture&quot;:&quot;0&quot;,&quot;credit&quot;:&quot;&quot;,&quot;camera&quot;:&quot;&quot;,&quot;caption&quot;:&quot;&quot;,&quot;created_timestamp&quot;:&quot;0&quot;,&quot;copyright&quot;:&quot;&quot;,&quot;focal_length&quot;:&quot;0&quot;,&quot;iso&quot;:&quot;0&quot;,&quot;shutter_speed&quot;:&quot;0&quot;,&quot;title&quot;:&quot;&quot;,&quot;orientation&quot;:&quot;0&quot;}\" data-image-title=\"04aa23f0-05d4-4b65-9317-d754c101fc62\" data-image-description=\"\" data-image-caption=\"&lt;p&gt;flei\u00dfig beim Quiz&lt;\/p&gt;\n\" data-medium-file=\"http:\/\/www.kloster-aiterhofen.de\/Wordpress\/wordpress\/wp-content\/uploads\/2022\/10\/04aa23f0-05d4-4b65-9317-d754c101fc62-225x300.jpg\" data-large-file=\"http:\/\/www.kloster-aiterhofen.de\/Wordpress\/wordpress\/wp-content\/uploads\/2022\/10\/04aa23f0-05d4-4b65-9317-d754c101fc62-768x1024.jpg\" decoding=\"async\" loading=\"lazy\" width=\"1536\" height=\"2048\" data-id=\"3509\" src=\"http:\/\/www.kloster-aiterhofen.de\/Wordpress\/wordpress\/wp-content\/uploads\/2022\/10\/04aa23f0-05d4-4b65-9317-d754c101fc62.jpg\" alt=\"\" class=\"wp-image-3509\" srcset=\"http:\/\/www.kloster-aiterhofen.de\/Wordpress\/wordpress\/wp-content\/uploads\/2022\/10\/04aa23f0-05d4-4b65-9317-d754c101fc62.jpg 1536w, http:\/\/www.kloster-aiterhofen.de\/Wordpress\/wordpress\/wp-content\/uploads\/2022\/10\/04aa23f0-05d4-4b65-9317-d754c101fc62-225x300.jpg 225w, http:\/\/www.kloster-aiterhofen.de\/Wordpress\/wordpress\/wp-content\/uploads\/2022\/10\/04aa23f0-05d4-4b65-9317-d754c101fc62-768x1024.jpg 768w, http:\/\/www.kloster-aiterhofen.de\/Wordpress\/wordpress\/wp-content\/uploads\/2022\/10\/04aa23f0-05d4-4b65-9317-d754c101fc62-1152x1536.jpg 1152w\" sizes=\"(max-width: 1536px) 100vw, 1536px\" \/><\/a><figcaption>flei\u00dfig beim Quiz<\/figcaption><\/figure>\n\n\n\n<figure class=\"wp-block-image size-large is-style-default\"><a href=\"http:\/\/www.kloster-aiterhofen.de\/Wordpress\/wordpress\/wp-content\/uploads\/2022\/10\/6fd34a43-c05d-4e94-a4f7-1bec197c1cf2.jpg\"><img data-attachment-id=\"3502\" data-permalink=\"http:\/\/www.kloster-aiterhofen.de\/Wordpress\/wordpress\/2022\/10\/08\/franziskusfest-mit-verschiedenen-angeboten\/6fd34a43-c05d-4e94-a4f7-1bec197c1cf2\/\" data-orig-file=\"http:\/\/www.kloster-aiterhofen.de\/Wordpress\/wordpress\/wp-content\/uploads\/2022\/10\/6fd34a43-c05d-4e94-a4f7-1bec197c1cf2.jpg\" data-orig-size=\"1536,2048\" data-comments-opened=\"0\" data-image-meta=\"{&quot;aperture&quot;:&quot;0&quot;,&quot;credit&quot;:&quot;&quot;,&quot;camera&quot;:&quot;&quot;,&quot;caption&quot;:&quot;&quot;,&quot;created_timestamp&quot;:&quot;0&quot;,&quot;copyright&quot;:&quot;&quot;,&quot;focal_length&quot;:&quot;0&quot;,&quot;iso&quot;:&quot;0&quot;,&quot;shutter_speed&quot;:&quot;0&quot;,&quot;title&quot;:&quot;&quot;,&quot;orientation&quot;:&quot;0&quot;}\" data-image-title=\"6fd34a43-c05d-4e94-a4f7-1bec197c1cf2\" data-image-description=\"\" data-image-caption=\"&lt;p&gt;erste Ideen&lt;\/p&gt;\n\" data-medium-file=\"http:\/\/www.kloster-aiterhofen.de\/Wordpress\/wordpress\/wp-content\/uploads\/2022\/10\/6fd34a43-c05d-4e94-a4f7-1bec197c1cf2-225x300.jpg\" data-large-file=\"http:\/\/www.kloster-aiterhofen.de\/Wordpress\/wordpress\/wp-content\/uploads\/2022\/10\/6fd34a43-c05d-4e94-a4f7-1bec197c1cf2-768x1024.jpg\" decoding=\"async\" loading=\"lazy\" width=\"1536\" height=\"2048\" data-id=\"3502\" src=\"http:\/\/www.kloster-aiterhofen.de\/Wordpress\/wordpress\/wp-content\/uploads\/2022\/10\/6fd34a43-c05d-4e94-a4f7-1bec197c1cf2.jpg\" alt=\"\" class=\"wp-image-3502\" srcset=\"http:\/\/www.kloster-aiterhofen.de\/Wordpress\/wordpress\/wp-content\/uploads\/2022\/10\/6fd34a43-c05d-4e94-a4f7-1bec197c1cf2.jpg 1536w, http:\/\/www.kloster-aiterhofen.de\/Wordpress\/wordpress\/wp-content\/uploads\/2022\/10\/6fd34a43-c05d-4e94-a4f7-1bec197c1cf2-225x300.jpg 225w, http:\/\/www.kloster-aiterhofen.de\/Wordpress\/wordpress\/wp-content\/uploads\/2022\/10\/6fd34a43-c05d-4e94-a4f7-1bec197c1cf2-768x1024.jpg 768w, http:\/\/www.kloster-aiterhofen.de\/Wordpress\/wordpress\/wp-content\/uploads\/2022\/10\/6fd34a43-c05d-4e94-a4f7-1bec197c1cf2-1152x1536.jpg 1152w\" sizes=\"(max-width: 1536px) 100vw, 1536px\" \/><\/a><figcaption>erste Ideen<\/figcaption><\/figure>\n\n\n\n<figure class=\"wp-block-image size-large is-style-default\"><a href=\"http:\/\/www.kloster-aiterhofen.de\/Wordpress\/wordpress\/wp-content\/uploads\/2022\/10\/0383dab9-f92a-4601-87d6-3be9e0c2326a.jpg\"><img data-attachment-id=\"3504\" data-permalink=\"http:\/\/www.kloster-aiterhofen.de\/Wordpress\/wordpress\/2022\/10\/08\/franziskusfest-mit-verschiedenen-angeboten\/0383dab9-f92a-4601-87d6-3be9e0c2326a\/\" data-orig-file=\"http:\/\/www.kloster-aiterhofen.de\/Wordpress\/wordpress\/wp-content\/uploads\/2022\/10\/0383dab9-f92a-4601-87d6-3be9e0c2326a.jpg\" data-orig-size=\"1536,2048\" data-comments-opened=\"0\" data-image-meta=\"{&quot;aperture&quot;:&quot;0&quot;,&quot;credit&quot;:&quot;&quot;,&quot;camera&quot;:&quot;&quot;,&quot;caption&quot;:&quot;&quot;,&quot;created_timestamp&quot;:&quot;0&quot;,&quot;copyright&quot;:&quot;&quot;,&quot;focal_length&quot;:&quot;0&quot;,&quot;iso&quot;:&quot;0&quot;,&quot;shutter_speed&quot;:&quot;0&quot;,&quot;title&quot;:&quot;&quot;,&quot;orientation&quot;:&quot;0&quot;}\" data-image-title=\"0383dab9-f92a-4601-87d6-3be9e0c2326a\" data-image-description=\"\" data-image-caption=\"&lt;p&gt;im Gespr\u00e4ch&lt;\/p&gt;\n\" data-medium-file=\"http:\/\/www.kloster-aiterhofen.de\/Wordpress\/wordpress\/wp-content\/uploads\/2022\/10\/0383dab9-f92a-4601-87d6-3be9e0c2326a-225x300.jpg\" data-large-file=\"http:\/\/www.kloster-aiterhofen.de\/Wordpress\/wordpress\/wp-content\/uploads\/2022\/10\/0383dab9-f92a-4601-87d6-3be9e0c2326a-768x1024.jpg\" decoding=\"async\" loading=\"lazy\" width=\"1536\" height=\"2048\" data-id=\"3504\" src=\"http:\/\/www.kloster-aiterhofen.de\/Wordpress\/wordpress\/wp-content\/uploads\/2022\/10\/0383dab9-f92a-4601-87d6-3be9e0c2326a.jpg\" alt=\"\" class=\"wp-image-3504\" srcset=\"http:\/\/www.kloster-aiterhofen.de\/Wordpress\/wordpress\/wp-content\/uploads\/2022\/10\/0383dab9-f92a-4601-87d6-3be9e0c2326a.jpg 1536w, http:\/\/www.kloster-aiterhofen.de\/Wordpress\/wordpress\/wp-content\/uploads\/2022\/10\/0383dab9-f92a-4601-87d6-3be9e0c2326a-225x300.jpg 225w, http:\/\/www.kloster-aiterhofen.de\/Wordpress\/wordpress\/wp-content\/uploads\/2022\/10\/0383dab9-f92a-4601-87d6-3be9e0c2326a-768x1024.jpg 768w, http:\/\/www.kloster-aiterhofen.de\/Wordpress\/wordpress\/wp-content\/uploads\/2022\/10\/0383dab9-f92a-4601-87d6-3be9e0c2326a-1152x1536.jpg 1152w\" sizes=\"(max-width: 1536px) 100vw, 1536px\" \/><\/a><figcaption>im Gespr\u00e4ch<\/figcaption><\/figure>\n\n\n\n<figure class=\"wp-block-image size-large is-style-default\"><a href=\"http:\/\/www.kloster-aiterhofen.de\/Wordpress\/wordpress\/wp-content\/uploads\/2022\/10\/aec0efe0-46a9-47f0-8034-e4574fafe4e3.jpg\"><img data-attachment-id=\"3506\" data-permalink=\"http:\/\/www.kloster-aiterhofen.de\/Wordpress\/wordpress\/2022\/10\/08\/franziskusfest-mit-verschiedenen-angeboten\/aec0efe0-46a9-47f0-8034-e4574fafe4e3\/\" data-orig-file=\"http:\/\/www.kloster-aiterhofen.de\/Wordpress\/wordpress\/wp-content\/uploads\/2022\/10\/aec0efe0-46a9-47f0-8034-e4574fafe4e3.jpg\" data-orig-size=\"1536,2048\" data-comments-opened=\"0\" data-image-meta=\"{&quot;aperture&quot;:&quot;0&quot;,&quot;credit&quot;:&quot;&quot;,&quot;camera&quot;:&quot;&quot;,&quot;caption&quot;:&quot;&quot;,&quot;created_timestamp&quot;:&quot;0&quot;,&quot;copyright&quot;:&quot;&quot;,&quot;focal_length&quot;:&quot;0&quot;,&quot;iso&quot;:&quot;0&quot;,&quot;shutter_speed&quot;:&quot;0&quot;,&quot;title&quot;:&quot;&quot;,&quot;orientation&quot;:&quot;0&quot;}\" data-image-title=\"aec0efe0-46a9-47f0-8034-e4574fafe4e3\" data-image-description=\"\" data-image-caption=\"\" data-medium-file=\"http:\/\/www.kloster-aiterhofen.de\/Wordpress\/wordpress\/wp-content\/uploads\/2022\/10\/aec0efe0-46a9-47f0-8034-e4574fafe4e3-225x300.jpg\" data-large-file=\"http:\/\/www.kloster-aiterhofen.de\/Wordpress\/wordpress\/wp-content\/uploads\/2022\/10\/aec0efe0-46a9-47f0-8034-e4574fafe4e3-768x1024.jpg\" decoding=\"async\" loading=\"lazy\" width=\"1536\" height=\"2048\" data-id=\"3506\" src=\"http:\/\/www.kloster-aiterhofen.de\/Wordpress\/wordpress\/wp-content\/uploads\/2022\/10\/aec0efe0-46a9-47f0-8034-e4574fafe4e3.jpg\" alt=\"\" class=\"wp-image-3506\" srcset=\"http:\/\/www.kloster-aiterhofen.de\/Wordpress\/wordpress\/wp-content\/uploads\/2022\/10\/aec0efe0-46a9-47f0-8034-e4574fafe4e3.jpg 1536w, http:\/\/www.kloster-aiterhofen.de\/Wordpress\/wordpress\/wp-content\/uploads\/2022\/10\/aec0efe0-46a9-47f0-8034-e4574fafe4e3-225x300.jpg 225w, http:\/\/www.kloster-aiterhofen.de\/Wordpress\/wordpress\/wp-content\/uploads\/2022\/10\/aec0efe0-46a9-47f0-8034-e4574fafe4e3-768x1024.jpg 768w, http:\/\/www.kloster-aiterhofen.de\/Wordpress\/wordpress\/wp-content\/uploads\/2022\/10\/aec0efe0-46a9-47f0-8034-e4574fafe4e3-1152x1536.jpg 1152w\" sizes=\"(max-width: 1536px) 100vw, 1536px\" \/><\/a><\/figure>\n\n\n\n<figure class=\"wp-block-image size-large is-style-default\"><a href=\"http:\/\/www.kloster-aiterhofen.de\/Wordpress\/wordpress\/wp-content\/uploads\/2022\/10\/b19e3a8d-5c63-42be-9c3c-ddda9da45627.jpg\"><img data-attachment-id=\"3508\" data-permalink=\"http:\/\/www.kloster-aiterhofen.de\/Wordpress\/wordpress\/2022\/10\/08\/franziskusfest-mit-verschiedenen-angeboten\/b19e3a8d-5c63-42be-9c3c-ddda9da45627\/\" data-orig-file=\"http:\/\/www.kloster-aiterhofen.de\/Wordpress\/wordpress\/wp-content\/uploads\/2022\/10\/b19e3a8d-5c63-42be-9c3c-ddda9da45627.jpg\" data-orig-size=\"1536,2048\" data-comments-opened=\"0\" data-image-meta=\"{&quot;aperture&quot;:&quot;0&quot;,&quot;credit&quot;:&quot;&quot;,&quot;camera&quot;:&quot;&quot;,&quot;caption&quot;:&quot;&quot;,&quot;created_timestamp&quot;:&quot;0&quot;,&quot;copyright&quot;:&quot;&quot;,&quot;focal_length&quot;:&quot;0&quot;,&quot;iso&quot;:&quot;0&quot;,&quot;shutter_speed&quot;:&quot;0&quot;,&quot;title&quot;:&quot;&quot;,&quot;orientation&quot;:&quot;0&quot;}\" data-image-title=\"b19e3a8d-5c63-42be-9c3c-ddda9da45627\" data-image-description=\"\" data-image-caption=\"&lt;p&gt;Bruder Wind, Wolken&lt;\/p&gt;\n\" data-medium-file=\"http:\/\/www.kloster-aiterhofen.de\/Wordpress\/wordpress\/wp-content\/uploads\/2022\/10\/b19e3a8d-5c63-42be-9c3c-ddda9da45627-225x300.jpg\" data-large-file=\"http:\/\/www.kloster-aiterhofen.de\/Wordpress\/wordpress\/wp-content\/uploads\/2022\/10\/b19e3a8d-5c63-42be-9c3c-ddda9da45627-768x1024.jpg\" decoding=\"async\" loading=\"lazy\" width=\"1536\" height=\"2048\" data-id=\"3508\" src=\"http:\/\/www.kloster-aiterhofen.de\/Wordpress\/wordpress\/wp-content\/uploads\/2022\/10\/b19e3a8d-5c63-42be-9c3c-ddda9da45627.jpg\" alt=\"\" class=\"wp-image-3508\" srcset=\"http:\/\/www.kloster-aiterhofen.de\/Wordpress\/wordpress\/wp-content\/uploads\/2022\/10\/b19e3a8d-5c63-42be-9c3c-ddda9da45627.jpg 1536w, http:\/\/www.kloster-aiterhofen.de\/Wordpress\/wordpress\/wp-content\/uploads\/2022\/10\/b19e3a8d-5c63-42be-9c3c-ddda9da45627-225x300.jpg 225w, http:\/\/www.kloster-aiterhofen.de\/Wordpress\/wordpress\/wp-content\/uploads\/2022\/10\/b19e3a8d-5c63-42be-9c3c-ddda9da45627-768x1024.jpg 768w, http:\/\/www.kloster-aiterhofen.de\/Wordpress\/wordpress\/wp-content\/uploads\/2022\/10\/b19e3a8d-5c63-42be-9c3c-ddda9da45627-1152x1536.jpg 1152w\" sizes=\"(max-width: 1536px) 100vw, 1536px\" \/><\/a><figcaption>Bruder Wind, Wolken<\/figcaption><\/figure>\n\n\n\n<figure class=\"wp-block-image size-large is-style-default\"><a href=\"http:\/\/www.kloster-aiterhofen.de\/Wordpress\/wordpress\/wp-content\/uploads\/2022\/10\/5d8c3288-4216-4c34-b9df-12a959be0be6.jpg\"><img data-attachment-id=\"3510\" data-permalink=\"http:\/\/www.kloster-aiterhofen.de\/Wordpress\/wordpress\/2022\/10\/08\/franziskusfest-mit-verschiedenen-angeboten\/5d8c3288-4216-4c34-b9df-12a959be0be6\/\" data-orig-file=\"http:\/\/www.kloster-aiterhofen.de\/Wordpress\/wordpress\/wp-content\/uploads\/2022\/10\/5d8c3288-4216-4c34-b9df-12a959be0be6.jpg\" data-orig-size=\"1536,2048\" data-comments-opened=\"0\" data-image-meta=\"{&quot;aperture&quot;:&quot;0&quot;,&quot;credit&quot;:&quot;&quot;,&quot;camera&quot;:&quot;&quot;,&quot;caption&quot;:&quot;&quot;,&quot;created_timestamp&quot;:&quot;0&quot;,&quot;copyright&quot;:&quot;&quot;,&quot;focal_length&quot;:&quot;0&quot;,&quot;iso&quot;:&quot;0&quot;,&quot;shutter_speed&quot;:&quot;0&quot;,&quot;title&quot;:&quot;&quot;,&quot;orientation&quot;:&quot;0&quot;}\" data-image-title=\"5d8c3288-4216-4c34-b9df-12a959be0be6\" data-image-description=\"\" data-image-caption=\"&lt;p&gt;Mutter Erde&lt;\/p&gt;\n\" data-medium-file=\"http:\/\/www.kloster-aiterhofen.de\/Wordpress\/wordpress\/wp-content\/uploads\/2022\/10\/5d8c3288-4216-4c34-b9df-12a959be0be6-225x300.jpg\" data-large-file=\"http:\/\/www.kloster-aiterhofen.de\/Wordpress\/wordpress\/wp-content\/uploads\/2022\/10\/5d8c3288-4216-4c34-b9df-12a959be0be6-768x1024.jpg\" decoding=\"async\" loading=\"lazy\" width=\"1536\" height=\"2048\" data-id=\"3510\" src=\"http:\/\/www.kloster-aiterhofen.de\/Wordpress\/wordpress\/wp-content\/uploads\/2022\/10\/5d8c3288-4216-4c34-b9df-12a959be0be6.jpg\" alt=\"\" class=\"wp-image-3510\" srcset=\"http:\/\/www.kloster-aiterhofen.de\/Wordpress\/wordpress\/wp-content\/uploads\/2022\/10\/5d8c3288-4216-4c34-b9df-12a959be0be6.jpg 1536w, http:\/\/www.kloster-aiterhofen.de\/Wordpress\/wordpress\/wp-content\/uploads\/2022\/10\/5d8c3288-4216-4c34-b9df-12a959be0be6-225x300.jpg 225w, http:\/\/www.kloster-aiterhofen.de\/Wordpress\/wordpress\/wp-content\/uploads\/2022\/10\/5d8c3288-4216-4c34-b9df-12a959be0be6-768x1024.jpg 768w, http:\/\/www.kloster-aiterhofen.de\/Wordpress\/wordpress\/wp-content\/uploads\/2022\/10\/5d8c3288-4216-4c34-b9df-12a959be0be6-1152x1536.jpg 1152w\" sizes=\"(max-width: 1536px) 100vw, 1536px\" \/><\/a><figcaption>Mutter Erde<\/figcaption><\/figure>\n\n\n\n<figure class=\"wp-block-image size-large is-style-default\"><a href=\"http:\/\/www.kloster-aiterhofen.de\/Wordpress\/wordpress\/wp-content\/uploads\/2022\/10\/b08b263e-152e-4078-bfcb-97d37a73548f.jpg\"><img data-attachment-id=\"3507\" data-permalink=\"http:\/\/www.kloster-aiterhofen.de\/Wordpress\/wordpress\/2022\/10\/08\/franziskusfest-mit-verschiedenen-angeboten\/b08b263e-152e-4078-bfcb-97d37a73548f\/\" data-orig-file=\"http:\/\/www.kloster-aiterhofen.de\/Wordpress\/wordpress\/wp-content\/uploads\/2022\/10\/b08b263e-152e-4078-bfcb-97d37a73548f.jpg\" data-orig-size=\"2048,1536\" data-comments-opened=\"0\" data-image-meta=\"{&quot;aperture&quot;:&quot;0&quot;,&quot;credit&quot;:&quot;&quot;,&quot;camera&quot;:&quot;&quot;,&quot;caption&quot;:&quot;&quot;,&quot;created_timestamp&quot;:&quot;0&quot;,&quot;copyright&quot;:&quot;&quot;,&quot;focal_length&quot;:&quot;0&quot;,&quot;iso&quot;:&quot;0&quot;,&quot;shutter_speed&quot;:&quot;0&quot;,&quot;title&quot;:&quot;&quot;,&quot;orientation&quot;:&quot;0&quot;}\" data-image-title=\"b08b263e-152e-4078-bfcb-97d37a73548f\" data-image-description=\"\" data-image-caption=\"&lt;p&gt;Sonnengesangstanz&lt;\/p&gt;\n\" data-medium-file=\"http:\/\/www.kloster-aiterhofen.de\/Wordpress\/wordpress\/wp-content\/uploads\/2022\/10\/b08b263e-152e-4078-bfcb-97d37a73548f-300x225.jpg\" data-large-file=\"http:\/\/www.kloster-aiterhofen.de\/Wordpress\/wordpress\/wp-content\/uploads\/2022\/10\/b08b263e-152e-4078-bfcb-97d37a73548f-1024x768.jpg\" decoding=\"async\" loading=\"lazy\" width=\"2048\" height=\"1536\" data-id=\"3507\" src=\"http:\/\/www.kloster-aiterhofen.de\/Wordpress\/wordpress\/wp-content\/uploads\/2022\/10\/b08b263e-152e-4078-bfcb-97d37a73548f.jpg\" alt=\"\" class=\"wp-image-3507\" srcset=\"http:\/\/www.kloster-aiterhofen.de\/Wordpress\/wordpress\/wp-content\/uploads\/2022\/10\/b08b263e-152e-4078-bfcb-97d37a73548f.jpg 2048w, http:\/\/www.kloster-aiterhofen.de\/Wordpress\/wordpress\/wp-content\/uploads\/2022\/10\/b08b263e-152e-4078-bfcb-97d37a73548f-300x225.jpg 300w, http:\/\/www.kloster-aiterhofen.de\/Wordpress\/wordpress\/wp-content\/uploads\/2022\/10\/b08b263e-152e-4078-bfcb-97d37a73548f-1024x768.jpg 1024w, http:\/\/www.kloster-aiterhofen.de\/Wordpress\/wordpress\/wp-content\/uploads\/2022\/10\/b08b263e-152e-4078-bfcb-97d37a73548f-768x576.jpg 768w, http:\/\/www.kloster-aiterhofen.de\/Wordpress\/wordpress\/wp-content\/uploads\/2022\/10\/b08b263e-152e-4078-bfcb-97d37a73548f-1536x1152.jpg 1536w\" sizes=\"(max-width: 2048px) 100vw, 2048px\" \/><\/a><figcaption>Sonnengesangstanz<\/figcaption><\/figure>\n<\/figure>\n","protected":false},"excerpt":{"rendered":"<p>Zeitnah am Fest des Hl. Franziskus fand in der BFS f\u00fcr alle Sch\u00fclerinnen und Sch\u00fcler ein Franziskusfest statt. Nach einem kurzen Film, in dem das Leben und die besonderen Facetten des Hl. Franziskus dargestellt wurden, konnten sich die Sch\u00fclerinnen und <a class=\"more-link\" href=\"http:\/\/www.kloster-aiterhofen.de\/Wordpress\/wordpress\/2022\/10\/08\/franziskusfest-mit-verschiedenen-angeboten\/\">weiterlesen  <span class=\"screen-reader-text\">  Franziskusfest mit verschiedenen Angeboten<\/span><span class=\"meta-nav\">&rarr;<\/span><\/a><\/p>\n","protected":false},"author":1,"featured_media":0,"comment_status":"closed","ping_status":"open","sticky":false,"template":"","format":"standard","meta":{"footnotes":""},"categories":[1],"tags":[],"jetpack_featured_media_url":"","_links":{"self":[{"href":"http:\/\/www.kloster-aiterhofen.de\/Wordpress\/wordpress\/wp-json\/wp\/v2\/posts\/3501"}],"collection":[{"href":"http:\/\/www.kloster-aiterhofen.de\/Wordpress\/wordpress\/wp-json\/wp\/v2\/posts"}],"about":[{"href":"http:\/\/www.kloster-aiterhofen.de\/Wordpress\/wordpress\/wp-json\/wp\/v2\/types\/post"}],"author":[{"embeddable":true,"href":"http:\/\/www.kloster-aiterhofen.de\/Wordpress\/wordpress\/wp-json\/wp\/v2\/users\/1"}],"replies":[{"embeddable":true,"href":"http:\/\/www.kloster-aiterhofen.de\/Wordpress\/wordpress\/wp-json\/wp\/v2\/comments?post=3501"}],"version-history":[{"count":1,"href":"http:\/\/www.kloster-aiterhofen.de\/Wordpress\/wordpress\/wp-json\/wp\/v2\/posts\/3501\/revisions"}],"predecessor-version":[{"id":3511,"href":"http:\/\/www.kloster-aiterhofen.de\/Wordpress\/wordpress\/wp-json\/wp\/v2\/posts\/3501\/revisions\/3511"}],"wp:attachment":[{"href":"http:\/\/www.kloster-aiterhofen.de\/Wordpress\/wordpress\/wp-json\/wp\/v2\/media?parent=3501"}],"wp:term":[{"taxonomy":"category","embeddable":true,"href":"http:\/\/www.kloster-aiterhofen.de\/Wordpress\/wordpress\/wp-json\/wp\/v2\/categories?post=3501"},{"taxonomy":"post_tag","embeddable":true,"href":"http:\/\/www.kloster-aiterhofen.de\/Wordpress\/wordpress\/wp-json\/wp\/v2\/tags?post=3501"}],"curies":[{"name":"wp","href":"https:\/\/api.w.org\/{rel}","templated":true}]}}