{"id":3474,"date":"2022-09-20T10:44:20","date_gmt":"2022-09-20T08:44:20","guid":{"rendered":"http:\/\/www.kloster-aiterhofen.de\/Wordpress\/wordpress\/?p=3474"},"modified":"2022-09-20T10:48:04","modified_gmt":"2022-09-20T08:48:04","slug":"berufsbegleitende-weiterbildung-zur-praxisbegleitung","status":"publish","type":"post","link":"http:\/\/www.kloster-aiterhofen.de\/Wordpress\/wordpress\/2022\/09\/20\/berufsbegleitende-weiterbildung-zur-praxisbegleitung\/","title":{"rendered":"Berufsbegleitende Weiterbildung zur Praxisbegleitung"},"content":{"rendered":"\n<div class=\"wp-block-group is-layout-flow wp-block-group-is-layout-flow\"><div class=\"wp-block-group__inner-container\">\n<figure class=\"wp-block-image size-full is-style-default\"><a href=\"http:\/\/www.kloster-aiterhofen.de\/Wordpress\/wordpress\/wp-content\/uploads\/2022\/09\/fortbildung-PA.png\"><img data-attachment-id=\"3476\" data-permalink=\"http:\/\/www.kloster-aiterhofen.de\/Wordpress\/wordpress\/fortbildung-pa\/\" data-orig-file=\"http:\/\/www.kloster-aiterhofen.de\/Wordpress\/wordpress\/wp-content\/uploads\/2022\/09\/fortbildung-PA.png\" data-orig-size=\"189,409\" data-comments-opened=\"0\" data-image-meta=\"{&quot;aperture&quot;:&quot;0&quot;,&quot;credit&quot;:&quot;&quot;,&quot;camera&quot;:&quot;&quot;,&quot;caption&quot;:&quot;&quot;,&quot;created_timestamp&quot;:&quot;0&quot;,&quot;copyright&quot;:&quot;&quot;,&quot;focal_length&quot;:&quot;0&quot;,&quot;iso&quot;:&quot;0&quot;,&quot;shutter_speed&quot;:&quot;0&quot;,&quot;title&quot;:&quot;&quot;,&quot;orientation&quot;:&quot;0&quot;}\" data-image-title=\"fortbildung PA\" data-image-description=\"\" data-image-caption=\"\" data-medium-file=\"http:\/\/www.kloster-aiterhofen.de\/Wordpress\/wordpress\/wp-content\/uploads\/2022\/09\/fortbildung-PA-139x300.png\" data-large-file=\"http:\/\/www.kloster-aiterhofen.de\/Wordpress\/wordpress\/wp-content\/uploads\/2022\/09\/fortbildung-PA.png\" decoding=\"async\" loading=\"lazy\" width=\"189\" height=\"409\" src=\"http:\/\/www.kloster-aiterhofen.de\/Wordpress\/wordpress\/wp-content\/uploads\/2022\/09\/fortbildung-PA.png\" alt=\"\" class=\"wp-image-3476\" srcset=\"http:\/\/www.kloster-aiterhofen.de\/Wordpress\/wordpress\/wp-content\/uploads\/2022\/09\/fortbildung-PA.png 189w, http:\/\/www.kloster-aiterhofen.de\/Wordpress\/wordpress\/wp-content\/uploads\/2022\/09\/fortbildung-PA-139x300.png 139w\" sizes=\"(max-width: 189px) 100vw, 189px\" \/><\/a><\/figure>\n<\/div><\/div>\n\n\n\n<p>Sie wissen um die gro\u00dfe Verantwortung, die Sie im Bereich der Pflegeausbildung tragen?<br>Diese Weiterbildung schafft eine solide Grundlage, um die Sch\u00fcler<em>innen schrittweise an die eigenst\u00e4ndige Wahrnehmung der beruflichen Aufgaben heranzuf\u00fchren. Sie bef\u00e4higt Sie, den Anleitungsprozess entsprechend dem aktuellen Stand p\u00e4dagogisch und methodisch zu planen, durchzuf\u00fchren, zu analysieren und den Erfolg zu beurteilen. Sie arbeiten auch an der Schaffung von f\u00f6rderlichen Rahmenbedingungen in der praktischen Ausbildung mit, um den gesetzlichen Anforderungen der (praktischen) Ausbildung gerecht werden zu k\u00f6nnen. Sie entwickeln p\u00e4dagogisch- didaktisches Geschick, um die Sch\u00fcler<\/em>innen \u2013 die zuk\u00fcnftigen Mitarbeiter*innen zu selbstst\u00e4ndigem und verantwortlichem Handeln zu f\u00fchren.<br>Es lohnt also, in die Praxisanleitung der k\u00fcnftigen Pflegefachfrauen\/ Pflegefachm\u00e4nner zu investieren.<\/p>\n\n\n\n<p><a href=\"http:\/\/www.kloster-aiterhofen.de\/Wordpress\/wordpress\/wp-content\/uploads\/2022\/09\/Flyer-PAWB_2022_23.pdf\">Flyer zum Herunterladen<\/a><br><a href=\"http:\/\/www.kloster-aiterhofen.de\/Wordpress\/wordpress\/wp-content\/uploads\/2022\/09\/Anmeldeblatt.pdf\">Anmeldeblatt zum Herunterladen<\/a><\/p>\n","protected":false},"excerpt":{"rendered":"<p>Sie wissen um die gro\u00dfe Verantwortung, die Sie im Bereich der Pflegeausbildung tragen?Diese Weiterbildung schafft eine solide Grundlage, um die Sch\u00fclerinnen schrittweise an die eigenst\u00e4ndige Wahrnehmung der beruflichen Aufgaben heranzuf\u00fchren. Sie bef\u00e4higt Sie, den Anleitungsprozess entsprechend dem aktuellen Stand p\u00e4dagogisch <a class=\"more-link\" href=\"http:\/\/www.kloster-aiterhofen.de\/Wordpress\/wordpress\/2022\/09\/20\/berufsbegleitende-weiterbildung-zur-praxisbegleitung\/\">weiterlesen  <span class=\"screen-reader-text\">  Berufsbegleitende Weiterbildung zur Praxisbegleitung<\/span><span class=\"meta-nav\">&rarr;<\/span><\/a><\/p>\n","protected":false},"author":1,"featured_media":0,"comment_status":"closed","ping_status":"open","sticky":false,"template":"","format":"standard","meta":{"footnotes":""},"categories":[1],"tags":[],"jetpack_featured_media_url":"","_links":{"self":[{"href":"http:\/\/www.kloster-aiterhofen.de\/Wordpress\/wordpress\/wp-json\/wp\/v2\/posts\/3474"}],"collection":[{"href":"http:\/\/www.kloster-aiterhofen.de\/Wordpress\/wordpress\/wp-json\/wp\/v2\/posts"}],"about":[{"href":"http:\/\/www.kloster-aiterhofen.de\/Wordpress\/wordpress\/wp-json\/wp\/v2\/types\/post"}],"author":[{"embeddable":true,"href":"http:\/\/www.kloster-aiterhofen.de\/Wordpress\/wordpress\/wp-json\/wp\/v2\/users\/1"}],"replies":[{"embeddable":true,"href":"http:\/\/www.kloster-aiterhofen.de\/Wordpress\/wordpress\/wp-json\/wp\/v2\/comments?post=3474"}],"version-history":[{"count":4,"href":"http:\/\/www.kloster-aiterhofen.de\/Wordpress\/wordpress\/wp-json\/wp\/v2\/posts\/3474\/revisions"}],"predecessor-version":[{"id":3480,"href":"http:\/\/www.kloster-aiterhofen.de\/Wordpress\/wordpress\/wp-json\/wp\/v2\/posts\/3474\/revisions\/3480"}],"wp:attachment":[{"href":"http:\/\/www.kloster-aiterhofen.de\/Wordpress\/wordpress\/wp-json\/wp\/v2\/media?parent=3474"}],"wp:term":[{"taxonomy":"category","embeddable":true,"href":"http:\/\/www.kloster-aiterhofen.de\/Wordpress\/wordpress\/wp-json\/wp\/v2\/categories?post=3474"},{"taxonomy":"post_tag","embeddable":true,"href":"http:\/\/www.kloster-aiterhofen.de\/Wordpress\/wordpress\/wp-json\/wp\/v2\/tags?post=3474"}],"curies":[{"name":"wp","href":"https:\/\/api.w.org\/{rel}","templated":true}]}}