{"id":3186,"date":"2022-02-23T11:44:31","date_gmt":"2022-02-23T10:44:31","guid":{"rendered":"http:\/\/www.kloster-aiterhofen.de\/Wordpress\/wordpress\/?p=3186"},"modified":"2022-03-01T10:30:22","modified_gmt":"2022-03-01T09:30:22","slug":"neuer-zeitungsbericht-2","status":"publish","type":"post","link":"http:\/\/www.kloster-aiterhofen.de\/Wordpress\/wordpress\/2022\/02\/23\/neuer-zeitungsbericht-2\/","title":{"rendered":"Neuer Zeitungsbericht"},"content":{"rendered":"\n<p><strong><a href=\"http:\/\/www.kloster-aiterhofen.de\/Wordpress\/wordpress\/wp-content\/uploads\/2022\/03\/Kinsaesthetik.pdf\">Kin\u00e4sthetik &#8211; Hilfen f\u00fcr den t\u00e4glichen Gebrauch<\/a><\/strong><\/p>\n\n\n\n<figure class=\"wp-block-image size-full\"><a href=\"http:\/\/www.kloster-aiterhofen.de\/Wordpress\/wordpress\/wp-content\/uploads\/2022\/03\/kinaes_zeitung.png\" target=\"_blank\" rel=\"http:\/\/www.kloster-aiterhofen.de\/Wordpress\/wordpress\/wp-content\/uploads\/2022\/03\/Kinsaesthetik.pdf noopener\"><img data-attachment-id=\"3200\" data-permalink=\"http:\/\/www.kloster-aiterhofen.de\/Wordpress\/wordpress\/2022\/02\/23\/neuer-zeitungsbericht-2\/kinaes_zeitung\/\" data-orig-file=\"http:\/\/www.kloster-aiterhofen.de\/Wordpress\/wordpress\/wp-content\/uploads\/2022\/03\/kinaes_zeitung.png\" data-orig-size=\"897,600\" data-comments-opened=\"0\" data-image-meta=\"{&quot;aperture&quot;:&quot;0&quot;,&quot;credit&quot;:&quot;&quot;,&quot;camera&quot;:&quot;&quot;,&quot;caption&quot;:&quot;&quot;,&quot;created_timestamp&quot;:&quot;0&quot;,&quot;copyright&quot;:&quot;&quot;,&quot;focal_length&quot;:&quot;0&quot;,&quot;iso&quot;:&quot;0&quot;,&quot;shutter_speed&quot;:&quot;0&quot;,&quot;title&quot;:&quot;&quot;,&quot;orientation&quot;:&quot;0&quot;}\" data-image-title=\"kinaes_zeitung\" data-image-description=\"\" data-image-caption=\"\" data-medium-file=\"http:\/\/www.kloster-aiterhofen.de\/Wordpress\/wordpress\/wp-content\/uploads\/2022\/03\/kinaes_zeitung-300x201.png\" data-large-file=\"http:\/\/www.kloster-aiterhofen.de\/Wordpress\/wordpress\/wp-content\/uploads\/2022\/03\/kinaes_zeitung.png\" decoding=\"async\" loading=\"lazy\" width=\"897\" height=\"600\" src=\"http:\/\/www.kloster-aiterhofen.de\/Wordpress\/wordpress\/wp-content\/uploads\/2022\/03\/kinaes_zeitung.png\" alt=\"\" class=\"wp-image-3200\" srcset=\"http:\/\/www.kloster-aiterhofen.de\/Wordpress\/wordpress\/wp-content\/uploads\/2022\/03\/kinaes_zeitung.png 897w, http:\/\/www.kloster-aiterhofen.de\/Wordpress\/wordpress\/wp-content\/uploads\/2022\/03\/kinaes_zeitung-300x201.png 300w, http:\/\/www.kloster-aiterhofen.de\/Wordpress\/wordpress\/wp-content\/uploads\/2022\/03\/kinaes_zeitung-768x514.png 768w\" sizes=\"(max-width: 897px) 100vw, 897px\" \/><\/a><\/figure>\n\n\n\n<p>Den ganzen Bericht finden Sie im Men\u00fc: Zeitungsberichte. Wir danken dem Straubinger Tagblatt f\u00fcr die Abdruckerlaubnis.<\/p>\n\n\n\n<p><strong>Viktor Huber erz\u00e4hlt \u00fcber seine Ausbildung &#8211; (auch unter Zeitungsberichte)<\/strong><br>dankenswerterweise zur Verf\u00fcgung gestellt vom Straubinger Tagblatt am 18.02.2022<\/p>\n\n\n\n<figure class=\"wp-block-image size-full\"><a href=\"http:\/\/www.kloster-aiterhofen.de\/Wordpress\/wordpress\/wp-content\/uploads\/2022\/02\/V.Huber_.png\"><img data-attachment-id=\"3187\" data-permalink=\"http:\/\/www.kloster-aiterhofen.de\/Wordpress\/wordpress\/2022\/02\/23\/neuer-zeitungsbericht-2\/v-huber_\/\" data-orig-file=\"http:\/\/www.kloster-aiterhofen.de\/Wordpress\/wordpress\/wp-content\/uploads\/2022\/02\/V.Huber_.png\" data-orig-size=\"378,159\" data-comments-opened=\"0\" data-image-meta=\"{&quot;aperture&quot;:&quot;0&quot;,&quot;credit&quot;:&quot;&quot;,&quot;camera&quot;:&quot;&quot;,&quot;caption&quot;:&quot;&quot;,&quot;created_timestamp&quot;:&quot;0&quot;,&quot;copyright&quot;:&quot;&quot;,&quot;focal_length&quot;:&quot;0&quot;,&quot;iso&quot;:&quot;0&quot;,&quot;shutter_speed&quot;:&quot;0&quot;,&quot;title&quot;:&quot;&quot;,&quot;orientation&quot;:&quot;0&quot;}\" data-image-title=\"V.Huber_\" data-image-description=\"\" data-image-caption=\"\" data-medium-file=\"http:\/\/www.kloster-aiterhofen.de\/Wordpress\/wordpress\/wp-content\/uploads\/2022\/02\/V.Huber_-300x126.png\" data-large-file=\"http:\/\/www.kloster-aiterhofen.de\/Wordpress\/wordpress\/wp-content\/uploads\/2022\/02\/V.Huber_.png\" decoding=\"async\" loading=\"lazy\" width=\"378\" height=\"159\" src=\"http:\/\/www.kloster-aiterhofen.de\/Wordpress\/wordpress\/wp-content\/uploads\/2022\/02\/V.Huber_.png\" alt=\"\" class=\"wp-image-3187\" srcset=\"http:\/\/www.kloster-aiterhofen.de\/Wordpress\/wordpress\/wp-content\/uploads\/2022\/02\/V.Huber_.png 378w, http:\/\/www.kloster-aiterhofen.de\/Wordpress\/wordpress\/wp-content\/uploads\/2022\/02\/V.Huber_-300x126.png 300w\" sizes=\"(max-width: 378px) 100vw, 378px\" \/><\/a><\/figure>\n\n\n\n<p><a href=\"http:\/\/www.kloster-aiterhofen.de\/Wordpress\/wordpress\/wp-content\/uploads\/2022\/02\/Huber.pdf\">(hier ist der ganze Bericht)<\/a><\/p>\n","protected":false},"excerpt":{"rendered":"<p>Kin\u00e4sthetik &#8211; Hilfen f\u00fcr den t\u00e4glichen Gebrauch Den ganzen Bericht finden Sie im Men\u00fc: Zeitungsberichte. Wir danken dem Straubinger Tagblatt f\u00fcr die Abdruckerlaubnis. Viktor Huber erz\u00e4hlt \u00fcber seine Ausbildung &#8211; (auch unter Zeitungsberichte)dankenswerterweise zur Verf\u00fcgung gestellt vom Straubinger Tagblatt am <a class=\"more-link\" href=\"http:\/\/www.kloster-aiterhofen.de\/Wordpress\/wordpress\/2022\/02\/23\/neuer-zeitungsbericht-2\/\">weiterlesen  <span class=\"screen-reader-text\">  Neuer Zeitungsbericht<\/span><span class=\"meta-nav\">&rarr;<\/span><\/a><\/p>\n","protected":false},"author":1,"featured_media":0,"comment_status":"closed","ping_status":"open","sticky":false,"template":"","format":"standard","meta":{"footnotes":""},"categories":[1],"tags":[],"jetpack_featured_media_url":"","_links":{"self":[{"href":"http:\/\/www.kloster-aiterhofen.de\/Wordpress\/wordpress\/wp-json\/wp\/v2\/posts\/3186"}],"collection":[{"href":"http:\/\/www.kloster-aiterhofen.de\/Wordpress\/wordpress\/wp-json\/wp\/v2\/posts"}],"about":[{"href":"http:\/\/www.kloster-aiterhofen.de\/Wordpress\/wordpress\/wp-json\/wp\/v2\/types\/post"}],"author":[{"embeddable":true,"href":"http:\/\/www.kloster-aiterhofen.de\/Wordpress\/wordpress\/wp-json\/wp\/v2\/users\/1"}],"replies":[{"embeddable":true,"href":"http:\/\/www.kloster-aiterhofen.de\/Wordpress\/wordpress\/wp-json\/wp\/v2\/comments?post=3186"}],"version-history":[{"count":5,"href":"http:\/\/www.kloster-aiterhofen.de\/Wordpress\/wordpress\/wp-json\/wp\/v2\/posts\/3186\/revisions"}],"predecessor-version":[{"id":3205,"href":"http:\/\/www.kloster-aiterhofen.de\/Wordpress\/wordpress\/wp-json\/wp\/v2\/posts\/3186\/revisions\/3205"}],"wp:attachment":[{"href":"http:\/\/www.kloster-aiterhofen.de\/Wordpress\/wordpress\/wp-json\/wp\/v2\/media?parent=3186"}],"wp:term":[{"taxonomy":"category","embeddable":true,"href":"http:\/\/www.kloster-aiterhofen.de\/Wordpress\/wordpress\/wp-json\/wp\/v2\/categories?post=3186"},{"taxonomy":"post_tag","embeddable":true,"href":"http:\/\/www.kloster-aiterhofen.de\/Wordpress\/wordpress\/wp-json\/wp\/v2\/tags?post=3186"}],"curies":[{"name":"wp","href":"https:\/\/api.w.org\/{rel}","templated":true}]}}