{"id":2793,"date":"2021-03-11T16:31:11","date_gmt":"2021-03-11T15:31:11","guid":{"rendered":"http:\/\/www.kloster-aiterhofen.de\/Wordpress\/wordpress\/?p=2793"},"modified":"2021-03-11T16:31:14","modified_gmt":"2021-03-11T15:31:14","slug":"tag-der-offenen-tuer-virtuell","status":"publish","type":"post","link":"http:\/\/www.kloster-aiterhofen.de\/Wordpress\/wordpress\/2021\/03\/11\/tag-der-offenen-tuer-virtuell\/","title":{"rendered":"Tag der offenen T\u00fcr &#8211; Virtuell"},"content":{"rendered":"\n<p>Da auch in diesem Jahr der Tag der offenen T\u00fcr nicht live stattfinden kann, wurde ein virtueller Rundgang erstellt. Damit k\u00f6nnen Interessierte Einblick bekommen in die verschiedenen Bereiche der Pflegeausbildung. Wenn Sie noch Fragen haben, k\u00f6nnen Sie sich gerne per E-Mail, Telefon oder \u00fcber die Kontaktaufnahme melden.<\/p>\n\n\n\n<p><\/p>\n\n\n\n<figure class=\"wp-block-image size-large\"><a href=\"https:\/\/drive.google.com\/file\/d\/1bwLBlRS3V_MNgDLtbsFP6Yfm-GcUe96Y\/view?usp=sharing\" target=\"_blank\" rel=\"https:\/\/drive.google.com\/file\/d\/1bwLBlRS3V_MNgDLtbsFP6Yfm-GcUe96Y\/view?usp=sharing noopener noreferrer\"><img data-attachment-id=\"2794\" data-permalink=\"http:\/\/www.kloster-aiterhofen.de\/Wordpress\/wordpress\/2021\/03\/11\/tag-der-offenen-tuer-virtuell\/seite-1\/\" data-orig-file=\"http:\/\/www.kloster-aiterhofen.de\/Wordpress\/wordpress\/wp-content\/uploads\/2021\/03\/seite-1.png\" data-orig-size=\"1473,822\" data-comments-opened=\"0\" data-image-meta=\"{&quot;aperture&quot;:&quot;0&quot;,&quot;credit&quot;:&quot;&quot;,&quot;camera&quot;:&quot;&quot;,&quot;caption&quot;:&quot;&quot;,&quot;created_timestamp&quot;:&quot;0&quot;,&quot;copyright&quot;:&quot;&quot;,&quot;focal_length&quot;:&quot;0&quot;,&quot;iso&quot;:&quot;0&quot;,&quot;shutter_speed&quot;:&quot;0&quot;,&quot;title&quot;:&quot;&quot;,&quot;orientation&quot;:&quot;0&quot;}\" data-image-title=\"seite-1\" data-image-description=\"\" data-image-caption=\"\" data-medium-file=\"http:\/\/www.kloster-aiterhofen.de\/Wordpress\/wordpress\/wp-content\/uploads\/2021\/03\/seite-1-300x167.png\" data-large-file=\"http:\/\/www.kloster-aiterhofen.de\/Wordpress\/wordpress\/wp-content\/uploads\/2021\/03\/seite-1-1024x571.png\" decoding=\"async\" loading=\"lazy\" width=\"1024\" height=\"571\" src=\"http:\/\/www.kloster-aiterhofen.de\/Wordpress\/wordpress\/wp-content\/uploads\/2021\/03\/seite-1-1024x571.png\" alt=\"\" class=\"wp-image-2794\" srcset=\"http:\/\/www.kloster-aiterhofen.de\/Wordpress\/wordpress\/wp-content\/uploads\/2021\/03\/seite-1-1024x571.png 1024w, http:\/\/www.kloster-aiterhofen.de\/Wordpress\/wordpress\/wp-content\/uploads\/2021\/03\/seite-1-300x167.png 300w, http:\/\/www.kloster-aiterhofen.de\/Wordpress\/wordpress\/wp-content\/uploads\/2021\/03\/seite-1-768x429.png 768w, http:\/\/www.kloster-aiterhofen.de\/Wordpress\/wordpress\/wp-content\/uploads\/2021\/03\/seite-1.png 1473w\" sizes=\"(max-width: 1024px) 100vw, 1024px\" \/><\/a><figcaption>Beim Anklicken des Bildes \u00f6ffnet sich der virtuelle Rundgang.<\/figcaption><\/figure>\n","protected":false},"excerpt":{"rendered":"<p>Da auch in diesem Jahr der Tag der offenen T\u00fcr nicht live stattfinden kann, wurde ein virtueller Rundgang erstellt. Damit k\u00f6nnen Interessierte Einblick bekommen in die verschiedenen Bereiche der Pflegeausbildung. Wenn Sie noch Fragen haben, k\u00f6nnen Sie sich gerne per <a class=\"more-link\" href=\"http:\/\/www.kloster-aiterhofen.de\/Wordpress\/wordpress\/2021\/03\/11\/tag-der-offenen-tuer-virtuell\/\">weiterlesen  <span class=\"screen-reader-text\">  Tag der offenen T\u00fcr &#8211; Virtuell<\/span><span class=\"meta-nav\">&rarr;<\/span><\/a><\/p>\n","protected":false},"author":1,"featured_media":0,"comment_status":"closed","ping_status":"open","sticky":false,"template":"","format":"standard","meta":{"footnotes":""},"categories":[1],"tags":[],"jetpack_featured_media_url":"","_links":{"self":[{"href":"http:\/\/www.kloster-aiterhofen.de\/Wordpress\/wordpress\/wp-json\/wp\/v2\/posts\/2793"}],"collection":[{"href":"http:\/\/www.kloster-aiterhofen.de\/Wordpress\/wordpress\/wp-json\/wp\/v2\/posts"}],"about":[{"href":"http:\/\/www.kloster-aiterhofen.de\/Wordpress\/wordpress\/wp-json\/wp\/v2\/types\/post"}],"author":[{"embeddable":true,"href":"http:\/\/www.kloster-aiterhofen.de\/Wordpress\/wordpress\/wp-json\/wp\/v2\/users\/1"}],"replies":[{"embeddable":true,"href":"http:\/\/www.kloster-aiterhofen.de\/Wordpress\/wordpress\/wp-json\/wp\/v2\/comments?post=2793"}],"version-history":[{"count":2,"href":"http:\/\/www.kloster-aiterhofen.de\/Wordpress\/wordpress\/wp-json\/wp\/v2\/posts\/2793\/revisions"}],"predecessor-version":[{"id":3487,"href":"http:\/\/www.kloster-aiterhofen.de\/Wordpress\/wordpress\/wp-json\/wp\/v2\/posts\/2793\/revisions\/3487"}],"wp:attachment":[{"href":"http:\/\/www.kloster-aiterhofen.de\/Wordpress\/wordpress\/wp-json\/wp\/v2\/media?parent=2793"}],"wp:term":[{"taxonomy":"category","embeddable":true,"href":"http:\/\/www.kloster-aiterhofen.de\/Wordpress\/wordpress\/wp-json\/wp\/v2\/categories?post=2793"},{"taxonomy":"post_tag","embeddable":true,"href":"http:\/\/www.kloster-aiterhofen.de\/Wordpress\/wordpress\/wp-json\/wp\/v2\/tags?post=2793"}],"curies":[{"name":"wp","href":"https:\/\/api.w.org\/{rel}","templated":true}]}}