{"id":2761,"date":"2021-03-04T09:20:22","date_gmt":"2021-03-04T08:20:22","guid":{"rendered":"http:\/\/www.kloster-aiterhofen.de\/Wordpress\/wordpress\/?p=2761"},"modified":"2021-03-04T09:31:55","modified_gmt":"2021-03-04T08:31:55","slug":"unterricht-unter-corona-bedingungen","status":"publish","type":"post","link":"http:\/\/www.kloster-aiterhofen.de\/Wordpress\/wordpress\/2021\/03\/04\/unterricht-unter-corona-bedingungen\/","title":{"rendered":"Unterricht unter &#8222;Corona-Bedingungen&#8220;"},"content":{"rendered":"\n<p>Ausbildung ohne Pr\u00e4senzunterricht ist f\u00fcr alle Beteiligten eine gro\u00dfe Herausforderung. An der BFS wird zur Zeit nur der Abschlusskurs in Pr\u00e4senz unterrichtet. Bei den anderen Kursen wird mit Hilfe von Videokonferenzen und anderen Kommunikationsm\u00f6glichkeiten der Unterrichtsstoff so gut wie m\u00f6glich weitergegeben bzw. gelehrt. Es fehlt nat\u00fcrlich die pers\u00f6nliche Begegnung, der Austausch untereinander und vieles mehr. Aber dank der guten Internetanbindung und Technik in der Schule werden mehrere Kurse parallel \u00fcber MS Teams unterrichtet. Auch Corona-Tests tragen zur Sicherheit f\u00fcr den Pr\u00e4senzunterricht und die Praxisbesuche bei. Trotzdem hofft jeder auf ein baldiges Ende der Beschr\u00e4nkungen und einen &#8222;normalen&#8220; Schulalltag.<\/p>\n\n\n\n<figure data-carousel-extra='{\"blog_id\":1,\"permalink\":\"http:\\\/\\\/www.kloster-aiterhofen.de\\\/Wordpress\\\/wordpress\\\/2021\\\/03\\\/04\\\/unterricht-unter-corona-bedingungen\\\/\"}'  class=\"wp-block-gallery columns-1 is-cropped wp-block-gallery-1 is-layout-flex wp-block-gallery-is-layout-flex\"><ul class=\"blocks-gallery-grid\"><li class=\"blocks-gallery-item\"><figure><img data-attachment-id=\"2765\" data-permalink=\"http:\/\/www.kloster-aiterhofen.de\/Wordpress\/wordpress\/2021\/03\/04\/unterricht-unter-corona-bedingungen\/20210129_074950\/\" data-orig-file=\"http:\/\/www.kloster-aiterhofen.de\/Wordpress\/wordpress\/wp-content\/uploads\/2021\/03\/20210129_074950.jpg\" data-orig-size=\"2273,1374\" data-comments-opened=\"0\" data-image-meta=\"{&quot;aperture&quot;:&quot;1.9&quot;,&quot;credit&quot;:&quot;&quot;,&quot;camera&quot;:&quot;SM-J330F&quot;,&quot;caption&quot;:&quot;&quot;,&quot;created_timestamp&quot;:&quot;1611906530&quot;,&quot;copyright&quot;:&quot;&quot;,&quot;focal_length&quot;:&quot;3.6&quot;,&quot;iso&quot;:&quot;80&quot;,&quot;shutter_speed&quot;:&quot;0.01&quot;,&quot;title&quot;:&quot;&quot;,&quot;orientation&quot;:&quot;0&quot;}\" data-image-title=\"20210129_074950\" data-image-description=\"\" data-image-caption=\"&lt;p&gt;so sieht ein &#8222;normaler&#8220; Schultag aus&lt;\/p&gt;\n\" data-medium-file=\"http:\/\/www.kloster-aiterhofen.de\/Wordpress\/wordpress\/wp-content\/uploads\/2021\/03\/20210129_074950-300x181.jpg\" data-large-file=\"http:\/\/www.kloster-aiterhofen.de\/Wordpress\/wordpress\/wp-content\/uploads\/2021\/03\/20210129_074950-1024x619.jpg\" decoding=\"async\" loading=\"lazy\" width=\"1024\" height=\"619\" src=\"http:\/\/www.kloster-aiterhofen.de\/Wordpress\/wordpress\/wp-content\/uploads\/2021\/03\/20210129_074950-1024x619.jpg\" alt=\"\" data-id=\"2765\" data-full-url=\"http:\/\/www.kloster-aiterhofen.de\/Wordpress\/wordpress\/wp-content\/uploads\/2021\/03\/20210129_074950.jpg\" data-link=\"http:\/\/www.kloster-aiterhofen.de\/Wordpress\/wordpress\/2021\/03\/04\/unterricht-unter-corona-bedingungen\/20210129_074950\/\" class=\"wp-image-2765\" srcset=\"http:\/\/www.kloster-aiterhofen.de\/Wordpress\/wordpress\/wp-content\/uploads\/2021\/03\/20210129_074950-1024x619.jpg 1024w, http:\/\/www.kloster-aiterhofen.de\/Wordpress\/wordpress\/wp-content\/uploads\/2021\/03\/20210129_074950-300x181.jpg 300w, http:\/\/www.kloster-aiterhofen.de\/Wordpress\/wordpress\/wp-content\/uploads\/2021\/03\/20210129_074950-768x464.jpg 768w, http:\/\/www.kloster-aiterhofen.de\/Wordpress\/wordpress\/wp-content\/uploads\/2021\/03\/20210129_074950-1536x928.jpg 1536w, http:\/\/www.kloster-aiterhofen.de\/Wordpress\/wordpress\/wp-content\/uploads\/2021\/03\/20210129_074950-2048x1238.jpg 2048w\" sizes=\"(max-width: 1024px) 100vw, 1024px\" \/><figcaption class=\"blocks-gallery-item__caption\">so sieht ein &#8222;normaler&#8220; Schultag aus<\/figcaption><\/figure><\/li><\/ul><\/figure>\n\n\n\n<p><\/p>\n","protected":false},"excerpt":{"rendered":"<p>Ausbildung ohne Pr\u00e4senzunterricht ist f\u00fcr alle Beteiligten eine gro\u00dfe Herausforderung. An der BFS wird zur Zeit nur der Abschlusskurs in Pr\u00e4senz unterrichtet. Bei den anderen Kursen wird mit Hilfe von Videokonferenzen und anderen Kommunikationsm\u00f6glichkeiten der Unterrichtsstoff so gut wie m\u00f6glich <a class=\"more-link\" href=\"http:\/\/www.kloster-aiterhofen.de\/Wordpress\/wordpress\/2021\/03\/04\/unterricht-unter-corona-bedingungen\/\">weiterlesen  <span class=\"screen-reader-text\">  Unterricht unter &#8222;Corona-Bedingungen&#8220;<\/span><span class=\"meta-nav\">&rarr;<\/span><\/a><\/p>\n","protected":false},"author":1,"featured_media":0,"comment_status":"closed","ping_status":"open","sticky":false,"template":"","format":"standard","meta":{"footnotes":""},"categories":[1],"tags":[],"jetpack_featured_media_url":"","_links":{"self":[{"href":"http:\/\/www.kloster-aiterhofen.de\/Wordpress\/wordpress\/wp-json\/wp\/v2\/posts\/2761"}],"collection":[{"href":"http:\/\/www.kloster-aiterhofen.de\/Wordpress\/wordpress\/wp-json\/wp\/v2\/posts"}],"about":[{"href":"http:\/\/www.kloster-aiterhofen.de\/Wordpress\/wordpress\/wp-json\/wp\/v2\/types\/post"}],"author":[{"embeddable":true,"href":"http:\/\/www.kloster-aiterhofen.de\/Wordpress\/wordpress\/wp-json\/wp\/v2\/users\/1"}],"replies":[{"embeddable":true,"href":"http:\/\/www.kloster-aiterhofen.de\/Wordpress\/wordpress\/wp-json\/wp\/v2\/comments?post=2761"}],"version-history":[{"count":2,"href":"http:\/\/www.kloster-aiterhofen.de\/Wordpress\/wordpress\/wp-json\/wp\/v2\/posts\/2761\/revisions"}],"predecessor-version":[{"id":2766,"href":"http:\/\/www.kloster-aiterhofen.de\/Wordpress\/wordpress\/wp-json\/wp\/v2\/posts\/2761\/revisions\/2766"}],"wp:attachment":[{"href":"http:\/\/www.kloster-aiterhofen.de\/Wordpress\/wordpress\/wp-json\/wp\/v2\/media?parent=2761"}],"wp:term":[{"taxonomy":"category","embeddable":true,"href":"http:\/\/www.kloster-aiterhofen.de\/Wordpress\/wordpress\/wp-json\/wp\/v2\/categories?post=2761"},{"taxonomy":"post_tag","embeddable":true,"href":"http:\/\/www.kloster-aiterhofen.de\/Wordpress\/wordpress\/wp-json\/wp\/v2\/tags?post=2761"}],"curies":[{"name":"wp","href":"https:\/\/api.w.org\/{rel}","templated":true}]}}