{"id":2694,"date":"2022-01-07T12:12:00","date_gmt":"2022-01-07T11:12:00","guid":{"rendered":"http:\/\/www.kloster-aiterhofen.de\/Wordpress\/wordpress\/?p=2694"},"modified":"2022-02-11T14:09:26","modified_gmt":"2022-02-11T13:09:26","slug":"allen-ein-gutes-gesundes-neues-jahr-2021","status":"publish","type":"post","link":"http:\/\/www.kloster-aiterhofen.de\/Wordpress\/wordpress\/2022\/01\/07\/allen-ein-gutes-gesundes-neues-jahr-2021\/","title":{"rendered":"Gesegnetes Neues Jahr 2022"},"content":{"rendered":"\n<p>Wir w\u00fcnschen allen Besuchern unserer Seite ein gesegnetes Neues Jahr. Mit den W\u00fcnschen verbunden ist der Dank f\u00fcr alle Zuvorkommenheit, Zusammenarbeit, Hilfe und Unterst\u00fctzung. Wir w\u00fcnschen uns auch f\u00fcr das Neue Jahr eine verl\u00e4ssliche Verbindung mit unseren Partnern, Praxisstellen, Sch\u00fclerinnen und Sch\u00fclern, den Dienststellen und allen, die mit unserer Schule verbunden sind. Und wieder einmal: Bleiben Sie gesund!<\/p>\n\n\n\n<figure class=\"wp-block-image size-full\"><a href=\"http:\/\/www.kloster-aiterhofen.de\/Wordpress\/wordpress\/wp-content\/uploads\/2022\/01\/willkommen.png\"><img data-attachment-id=\"3137\" data-permalink=\"http:\/\/www.kloster-aiterhofen.de\/Wordpress\/wordpress\/2022\/01\/07\/allen-ein-gutes-gesundes-neues-jahr-2021\/willkommen\/\" data-orig-file=\"http:\/\/www.kloster-aiterhofen.de\/Wordpress\/wordpress\/wp-content\/uploads\/2022\/01\/willkommen.png\" data-orig-size=\"822,465\" data-comments-opened=\"0\" data-image-meta=\"{&quot;aperture&quot;:&quot;0&quot;,&quot;credit&quot;:&quot;&quot;,&quot;camera&quot;:&quot;&quot;,&quot;caption&quot;:&quot;&quot;,&quot;created_timestamp&quot;:&quot;0&quot;,&quot;copyright&quot;:&quot;&quot;,&quot;focal_length&quot;:&quot;0&quot;,&quot;iso&quot;:&quot;0&quot;,&quot;shutter_speed&quot;:&quot;0&quot;,&quot;title&quot;:&quot;&quot;,&quot;orientation&quot;:&quot;0&quot;}\" data-image-title=\"willkommen\" data-image-description=\"\" data-image-caption=\"\" data-medium-file=\"http:\/\/www.kloster-aiterhofen.de\/Wordpress\/wordpress\/wp-content\/uploads\/2022\/01\/willkommen-300x170.png\" data-large-file=\"http:\/\/www.kloster-aiterhofen.de\/Wordpress\/wordpress\/wp-content\/uploads\/2022\/01\/willkommen.png\" decoding=\"async\" loading=\"lazy\" width=\"822\" height=\"465\" src=\"http:\/\/www.kloster-aiterhofen.de\/Wordpress\/wordpress\/wp-content\/uploads\/2022\/01\/willkommen.png\" alt=\"\" class=\"wp-image-3137\" srcset=\"http:\/\/www.kloster-aiterhofen.de\/Wordpress\/wordpress\/wp-content\/uploads\/2022\/01\/willkommen.png 822w, http:\/\/www.kloster-aiterhofen.de\/Wordpress\/wordpress\/wp-content\/uploads\/2022\/01\/willkommen-300x170.png 300w, http:\/\/www.kloster-aiterhofen.de\/Wordpress\/wordpress\/wp-content\/uploads\/2022\/01\/willkommen-768x434.png 768w\" sizes=\"(max-width: 822px) 100vw, 822px\" \/><\/a><\/figure>\n","protected":false},"excerpt":{"rendered":"<p>Wir w\u00fcnschen allen Besuchern unserer Seite ein gesegnetes Neues Jahr. Mit den W\u00fcnschen verbunden ist der Dank f\u00fcr alle Zuvorkommenheit, Zusammenarbeit, Hilfe und Unterst\u00fctzung. Wir w\u00fcnschen uns auch f\u00fcr das Neue Jahr eine verl\u00e4ssliche Verbindung mit unseren Partnern, Praxisstellen, Sch\u00fclerinnen <a class=\"more-link\" href=\"http:\/\/www.kloster-aiterhofen.de\/Wordpress\/wordpress\/2022\/01\/07\/allen-ein-gutes-gesundes-neues-jahr-2021\/\">weiterlesen  <span class=\"screen-reader-text\">  Gesegnetes Neues Jahr 2022<\/span><span class=\"meta-nav\">&rarr;<\/span><\/a><\/p>\n","protected":false},"author":1,"featured_media":0,"comment_status":"closed","ping_status":"open","sticky":false,"template":"","format":"standard","meta":{"footnotes":""},"categories":[1],"tags":[],"jetpack_featured_media_url":"","_links":{"self":[{"href":"http:\/\/www.kloster-aiterhofen.de\/Wordpress\/wordpress\/wp-json\/wp\/v2\/posts\/2694"}],"collection":[{"href":"http:\/\/www.kloster-aiterhofen.de\/Wordpress\/wordpress\/wp-json\/wp\/v2\/posts"}],"about":[{"href":"http:\/\/www.kloster-aiterhofen.de\/Wordpress\/wordpress\/wp-json\/wp\/v2\/types\/post"}],"author":[{"embeddable":true,"href":"http:\/\/www.kloster-aiterhofen.de\/Wordpress\/wordpress\/wp-json\/wp\/v2\/users\/1"}],"replies":[{"embeddable":true,"href":"http:\/\/www.kloster-aiterhofen.de\/Wordpress\/wordpress\/wp-json\/wp\/v2\/comments?post=2694"}],"version-history":[{"count":3,"href":"http:\/\/www.kloster-aiterhofen.de\/Wordpress\/wordpress\/wp-json\/wp\/v2\/posts\/2694\/revisions"}],"predecessor-version":[{"id":3138,"href":"http:\/\/www.kloster-aiterhofen.de\/Wordpress\/wordpress\/wp-json\/wp\/v2\/posts\/2694\/revisions\/3138"}],"wp:attachment":[{"href":"http:\/\/www.kloster-aiterhofen.de\/Wordpress\/wordpress\/wp-json\/wp\/v2\/media?parent=2694"}],"wp:term":[{"taxonomy":"category","embeddable":true,"href":"http:\/\/www.kloster-aiterhofen.de\/Wordpress\/wordpress\/wp-json\/wp\/v2\/categories?post=2694"},{"taxonomy":"post_tag","embeddable":true,"href":"http:\/\/www.kloster-aiterhofen.de\/Wordpress\/wordpress\/wp-json\/wp\/v2\/tags?post=2694"}],"curies":[{"name":"wp","href":"https:\/\/api.w.org\/{rel}","templated":true}]}}