{"id":2343,"date":"2020-03-25T13:53:25","date_gmt":"2020-03-25T12:53:25","guid":{"rendered":"http:\/\/www.kloster-aiterhofen.de\/Wordpress\/wordpress\/?p=2343"},"modified":"2020-03-25T13:56:36","modified_gmt":"2020-03-25T12:56:36","slug":"im-kampf-gegen-leukaemie","status":"publish","type":"post","link":"http:\/\/www.kloster-aiterhofen.de\/Wordpress\/wordpress\/2020\/03\/25\/im-kampf-gegen-leukaemie\/","title":{"rendered":"Im Kampf gegen Leuk\u00e4mie"},"content":{"rendered":"\n<figure class=\"wp-block-image\"><img data-attachment-id=\"2341\" data-permalink=\"http:\/\/www.kloster-aiterhofen.de\/Wordpress\/wordpress\/20200310_1333180\/\" data-orig-file=\"http:\/\/www.kloster-aiterhofen.de\/Wordpress\/wordpress\/wp-content\/uploads\/2020\/03\/20200310_1333180-e1585140884459.jpg\" data-orig-size=\"500,281\" data-comments-opened=\"0\" data-image-meta=\"{&quot;aperture&quot;:&quot;1.9&quot;,&quot;credit&quot;:&quot;&quot;,&quot;camera&quot;:&quot;SM-J330F&quot;,&quot;caption&quot;:&quot;&quot;,&quot;created_timestamp&quot;:&quot;1583847198&quot;,&quot;copyright&quot;:&quot;&quot;,&quot;focal_length&quot;:&quot;3.6&quot;,&quot;iso&quot;:&quot;250&quot;,&quot;shutter_speed&quot;:&quot;0.04&quot;,&quot;title&quot;:&quot;&quot;,&quot;orientation&quot;:&quot;1&quot;}\" data-image-title=\"20200310_133318(0)\" data-image-description=\"\" data-image-caption=\"&lt;p&gt;Johannes Eckl Pflegep\u00e4dagoge (B. A) rechts mit den Sch\u00fclerinnen und Sch\u00fclern, die sich registieren lie\u00dfen.&lt;\/p&gt;\n\" data-medium-file=\"http:\/\/www.kloster-aiterhofen.de\/Wordpress\/wordpress\/wp-content\/uploads\/2020\/03\/20200310_1333180-300x169.jpg\" data-large-file=\"http:\/\/www.kloster-aiterhofen.de\/Wordpress\/wordpress\/wp-content\/uploads\/2020\/03\/20200310_1333180-1024x576.jpg\" decoding=\"async\" loading=\"lazy\" width=\"1024\" height=\"576\" src=\"http:\/\/www.kloster-aiterhofen.de\/Wordpress\/wordpress\/wp-content\/uploads\/2020\/03\/20200310_1333180-1024x576.jpg\" alt=\"\" class=\"wp-image-2341\"\/><figcaption>Johannes Eckl Pflegep\u00e4dagoge (B. A) rechts mit den Sch\u00fclerinnen und Sch\u00fclern, die sich registieren lie\u00dfen.<\/figcaption><\/figure>\n\n\n\n<p>Die Berufsfachschule f\u00fcr Altenpflege aus Aiterhofen konnte vor kurzem 22 Auszubildende gewinnen, sich bei der Deutschen Knochenmarkspenderdatei (DKMS) registrieren zu lassen. Im Rahmen des Erste Hilfe Kurses wurden die Sch\u00fcler \u00fcber das Krankheitsbild Blutkrebs und die schwierigen Heilungschancen informiert. Alle 15 Minuten erh\u00e4lt ein Mensch in Deutschland die niederschmetternde Diagnose Blutkrebs. Viele Patienten sind Kinder und Jugendliche, deren einzige Chance auf Heilung eine Stammzellspende ist. Hierf\u00fcr aber dann den passenden \u201egenetischen Zwilling\u201c zu finden, ist sehr schwierig, da die Chance bei 1: mehreren Tausend liegt. Je mehr Personen sich bei der DKMS registrieren lassen, umso h\u00f6her ist die Chance nicht nur in Deutschland, sondern weltweit ein Leben retten zu k\u00f6nnen. Ein Wangenabstrich mit einem Wattest\u00e4bchen reicht, um die individuellen Gewebemerkmale festzustellen. Die jeweiligen Gewebemerkmale der Sch\u00fclerinnen und Sch\u00fcler sind jetzt bei der DKMS gespeichert und vielleicht kann schon bald ein Menschenleben gerettet werden. <\/p>\n","protected":false},"excerpt":{"rendered":"<p>Die Berufsfachschule f\u00fcr Altenpflege aus Aiterhofen konnte vor kurzem 22 Auszubildende gewinnen, sich bei der Deutschen Knochenmarkspenderdatei (DKMS) registrieren zu lassen. Im Rahmen des Erste Hilfe Kurses wurden die Sch\u00fcler \u00fcber das Krankheitsbild Blutkrebs und die schwierigen Heilungschancen informiert. Alle <a class=\"more-link\" href=\"http:\/\/www.kloster-aiterhofen.de\/Wordpress\/wordpress\/2020\/03\/25\/im-kampf-gegen-leukaemie\/\">weiterlesen  <span class=\"screen-reader-text\">  Im Kampf gegen Leuk\u00e4mie<\/span><span class=\"meta-nav\">&rarr;<\/span><\/a><\/p>\n","protected":false},"author":1,"featured_media":0,"comment_status":"closed","ping_status":"open","sticky":false,"template":"","format":"standard","meta":{"footnotes":""},"categories":[1],"tags":[24,23,25],"jetpack_featured_media_url":"","_links":{"self":[{"href":"http:\/\/www.kloster-aiterhofen.de\/Wordpress\/wordpress\/wp-json\/wp\/v2\/posts\/2343"}],"collection":[{"href":"http:\/\/www.kloster-aiterhofen.de\/Wordpress\/wordpress\/wp-json\/wp\/v2\/posts"}],"about":[{"href":"http:\/\/www.kloster-aiterhofen.de\/Wordpress\/wordpress\/wp-json\/wp\/v2\/types\/post"}],"author":[{"embeddable":true,"href":"http:\/\/www.kloster-aiterhofen.de\/Wordpress\/wordpress\/wp-json\/wp\/v2\/users\/1"}],"replies":[{"embeddable":true,"href":"http:\/\/www.kloster-aiterhofen.de\/Wordpress\/wordpress\/wp-json\/wp\/v2\/comments?post=2343"}],"version-history":[{"count":4,"href":"http:\/\/www.kloster-aiterhofen.de\/Wordpress\/wordpress\/wp-json\/wp\/v2\/posts\/2343\/revisions"}],"predecessor-version":[{"id":2349,"href":"http:\/\/www.kloster-aiterhofen.de\/Wordpress\/wordpress\/wp-json\/wp\/v2\/posts\/2343\/revisions\/2349"}],"wp:attachment":[{"href":"http:\/\/www.kloster-aiterhofen.de\/Wordpress\/wordpress\/wp-json\/wp\/v2\/media?parent=2343"}],"wp:term":[{"taxonomy":"category","embeddable":true,"href":"http:\/\/www.kloster-aiterhofen.de\/Wordpress\/wordpress\/wp-json\/wp\/v2\/categories?post=2343"},{"taxonomy":"post_tag","embeddable":true,"href":"http:\/\/www.kloster-aiterhofen.de\/Wordpress\/wordpress\/wp-json\/wp\/v2\/tags?post=2343"}],"curies":[{"name":"wp","href":"https:\/\/api.w.org\/{rel}","templated":true}]}}