{"id":642,"date":"2018-01-03T09:00:33","date_gmt":"2018-01-03T08:00:33","guid":{"rendered":"http:\/\/www.kloster-aiterhofen.de\/Wordpress\/k_wordpress\/?p=642"},"modified":"2018-01-03T09:03:19","modified_gmt":"2018-01-03T08:03:19","slug":"aufbruch","status":"publish","type":"post","link":"http:\/\/www.kloster-aiterhofen.de\/Wordpress\/k_wordpress\/aufbruch\/","title":{"rendered":"Aufbruch"},"content":{"rendered":"<p>Am 4. Januar fliegen 2 Schwestern nach Brasilien zum Provinzkapitel der Provinz\u00a0 St. Clara. Hier werden die Weichen f\u00fcr die n\u00e4chsten 3 Jahre gestellt, es wird eine neue Provinzoberin gew\u00e4hlt und einige Schwestern legen ihre zeitlichen bzw. ewigen Gel\u00fcbde ab.<br \/>\nIm Straubinger Tagblatt war dazu ein Artikel, der hier heruntergeladen werden kann.\u00a0 <a href=\"http:\/\/www.kloster-aiterhofen.de\/Wordpress\/k_wordpress\/wp-content\/uploads\/Reise.pdf\">(Download)<\/a><\/p>\n","protected":false},"excerpt":{"rendered":"<p>Am 4. Januar fliegen 2 Schwestern nach Brasilien zum Provinzkapitel der Provinz\u00a0 St. Clara. Hier werden die Weichen f\u00fcr die n\u00e4chsten 3 Jahre gestellt, es wird eine neue Provinzoberin gew\u00e4hlt und einige Schwestern legen ihre zeitlichen bzw. ewigen Gel\u00fcbde ab. Im Straubinger Tagblatt war dazu ein Artikel, der hier heruntergeladen werden kann.\u00a0 (Download)<\/p>\n","protected":false},"author":1,"featured_media":0,"comment_status":"closed","ping_status":"closed","sticky":false,"template":"","format":"standard","meta":{"footnotes":""},"categories":[1],"tags":[],"class_list":["post-642","post","type-post","status-publish","format-standard","hentry","category-allgemein"],"_links":{"self":[{"href":"http:\/\/www.kloster-aiterhofen.de\/Wordpress\/k_wordpress\/wp-json\/wp\/v2\/posts\/642","targetHints":{"allow":["GET"]}}],"collection":[{"href":"http:\/\/www.kloster-aiterhofen.de\/Wordpress\/k_wordpress\/wp-json\/wp\/v2\/posts"}],"about":[{"href":"http:\/\/www.kloster-aiterhofen.de\/Wordpress\/k_wordpress\/wp-json\/wp\/v2\/types\/post"}],"author":[{"embeddable":true,"href":"http:\/\/www.kloster-aiterhofen.de\/Wordpress\/k_wordpress\/wp-json\/wp\/v2\/users\/1"}],"replies":[{"embeddable":true,"href":"http:\/\/www.kloster-aiterhofen.de\/Wordpress\/k_wordpress\/wp-json\/wp\/v2\/comments?post=642"}],"version-history":[{"count":4,"href":"http:\/\/www.kloster-aiterhofen.de\/Wordpress\/k_wordpress\/wp-json\/wp\/v2\/posts\/642\/revisions"}],"predecessor-version":[{"id":650,"href":"http:\/\/www.kloster-aiterhofen.de\/Wordpress\/k_wordpress\/wp-json\/wp\/v2\/posts\/642\/revisions\/650"}],"wp:attachment":[{"href":"http:\/\/www.kloster-aiterhofen.de\/Wordpress\/k_wordpress\/wp-json\/wp\/v2\/media?parent=642"}],"wp:term":[{"taxonomy":"category","embeddable":true,"href":"http:\/\/www.kloster-aiterhofen.de\/Wordpress\/k_wordpress\/wp-json\/wp\/v2\/categories?post=642"},{"taxonomy":"post_tag","embeddable":true,"href":"http:\/\/www.kloster-aiterhofen.de\/Wordpress\/k_wordpress\/wp-json\/wp\/v2\/tags?post=642"}],"curies":[{"name":"wp","href":"https:\/\/api.w.org\/{rel}","templated":true}]}}