{"id":418,"date":"2016-12-31T14:38:47","date_gmt":"2016-12-31T13:38:47","guid":{"rendered":"http:\/\/www.kloster-aiterhofen.de\/Wordpress\/k_wordpress\/?p=418"},"modified":"2016-12-31T14:44:51","modified_gmt":"2016-12-31T13:44:51","slug":"segen-zum-neuen-jahr","status":"publish","type":"post","link":"http:\/\/www.kloster-aiterhofen.de\/Wordpress\/k_wordpress\/segen-zum-neuen-jahr\/","title":{"rendered":"Segen zum Neuen Jahr"},"content":{"rendered":"<p><strong> ZUM NEUEN JAHR W\u00dcNSCHE ICH DIR: <img loading=\"lazy\" decoding=\"async\" class=\"alignright wp-image-421 size-medium\" src=\"http:\/\/www.kloster-aiterhofen.de\/Wordpress\/k_wordpress\/wp-content\/uploads\/bubble-1896125_960_720-300x216.jpg\" alt=\"bubble-1896125_960_720\" width=\"300\" height=\"216\" srcset=\"http:\/\/www.kloster-aiterhofen.de\/Wordpress\/k_wordpress\/wp-content\/uploads\/bubble-1896125_960_720-300x216.jpg 300w, http:\/\/www.kloster-aiterhofen.de\/Wordpress\/k_wordpress\/wp-content\/uploads\/bubble-1896125_960_720-768x552.jpg 768w, http:\/\/www.kloster-aiterhofen.de\/Wordpress\/k_wordpress\/wp-content\/uploads\/bubble-1896125_960_720.jpg 960w\" sizes=\"auto, (max-width: 300px) 100vw, 300px\" \/><br \/>\n<\/strong><\/p>\n<p><strong> dass jeder Deiner Tage froh und zuversichtlich beginne;<br \/>\ndass Deine Wege nicht zu steil und nicht zu steinig seien<br \/>\nund Dich ein Engel stets begleite;<br \/>\ndass Du einen guten Wind im R\u00fccken hast,<br \/>\nder Dich mehr tr\u00e4gt als er Dich vorw\u00e4rts treibt;<br \/>\ndass Du einer Arbeit nachgehen kannst,<br \/>\ndie Dich ausf\u00fcllt und Dir Freude macht;<br \/>\ndass Dir gute Menschen begegnen und Dir zur Seite stehen<br \/>\nund Dich in Deinen Bem\u00fchungen unterst\u00fctzen;<br \/>\ndass die Sonne Dein Gesicht erw\u00e4rme und nicht verbrenne;<br \/>\ndass Gott seine sch\u00fctzende Hand \u00fcber Dir halte<br \/>\nund Dich vor allem Unheil bewahre;<br \/>\ndass Gottes Macht Dich aufrecht halte;<br \/>\ndass Gottes Auge auf Dich und f\u00fcr Dich schaue;<br \/>\ndass Gottes Ohr sich zu Dir neige und Dich h\u00f6re;<br \/>\ndass Gottes Wort Dein Ohr erreiche<br \/>\nund bei anderen f\u00fcr Dich spreche;<br \/>\ndass Gottes Licht Dich erhelle,<br \/>\nDir auch in dunklen Stunden leucht<br \/>\ndass Gottes Liebe \u00fcber Dir walte;<br \/>\ndass Gottes G\u00fcte in Dir wohne und widerstrahle;<br \/>\ndass Gottes Segen auf Dir ruhe,<br \/>\nDich st\u00e4rke und ermutige;<br \/>\ndass ER alle Zeit Dich umgebe<br \/>\nund Dir Frieden schenke;<br \/>\ndass Du all dieses in Deinem Herzen bewahrest<br \/>\nund Dich der guten Dinge in diesem Jahr erinnerst,<br \/>\ndankbar f\u00fcr diese bist<br \/>\nund Dich Deines Lebens freust!<\/strong><\/p>\n<p><strong><em> (nach alten irischen Segensw\u00fcnschen) von Heinz Pangels<br \/>\n<\/em><\/strong><\/p>\n","protected":false},"excerpt":{"rendered":"<p>ZUM NEUEN JAHR W\u00dcNSCHE ICH DIR: dass jeder Deiner Tage froh und zuversichtlich beginne; dass Deine Wege nicht zu steil und nicht zu steinig seien und Dich ein Engel stets begleite; dass Du einen guten Wind im R\u00fccken hast, der Dich mehr tr\u00e4gt als er Dich vorw\u00e4rts treibt; dass Du einer Arbeit nachgehen kannst, die &hellip; <\/p>\n<p class=\"link-more\"><a href=\"http:\/\/www.kloster-aiterhofen.de\/Wordpress\/k_wordpress\/segen-zum-neuen-jahr\/\" class=\"more-link\"><span class=\"screen-reader-text\">\u201eSegen zum Neuen Jahr\u201c<\/span> weiterlesen<\/a><\/p>\n","protected":false},"author":1,"featured_media":0,"comment_status":"closed","ping_status":"closed","sticky":false,"template":"","format":"standard","meta":{"footnotes":""},"categories":[1],"tags":[],"class_list":["post-418","post","type-post","status-publish","format-standard","hentry","category-allgemein"],"_links":{"self":[{"href":"http:\/\/www.kloster-aiterhofen.de\/Wordpress\/k_wordpress\/wp-json\/wp\/v2\/posts\/418","targetHints":{"allow":["GET"]}}],"collection":[{"href":"http:\/\/www.kloster-aiterhofen.de\/Wordpress\/k_wordpress\/wp-json\/wp\/v2\/posts"}],"about":[{"href":"http:\/\/www.kloster-aiterhofen.de\/Wordpress\/k_wordpress\/wp-json\/wp\/v2\/types\/post"}],"author":[{"embeddable":true,"href":"http:\/\/www.kloster-aiterhofen.de\/Wordpress\/k_wordpress\/wp-json\/wp\/v2\/users\/1"}],"replies":[{"embeddable":true,"href":"http:\/\/www.kloster-aiterhofen.de\/Wordpress\/k_wordpress\/wp-json\/wp\/v2\/comments?post=418"}],"version-history":[{"count":4,"href":"http:\/\/www.kloster-aiterhofen.de\/Wordpress\/k_wordpress\/wp-json\/wp\/v2\/posts\/418\/revisions"}],"predecessor-version":[{"id":423,"href":"http:\/\/www.kloster-aiterhofen.de\/Wordpress\/k_wordpress\/wp-json\/wp\/v2\/posts\/418\/revisions\/423"}],"wp:attachment":[{"href":"http:\/\/www.kloster-aiterhofen.de\/Wordpress\/k_wordpress\/wp-json\/wp\/v2\/media?parent=418"}],"wp:term":[{"taxonomy":"category","embeddable":true,"href":"http:\/\/www.kloster-aiterhofen.de\/Wordpress\/k_wordpress\/wp-json\/wp\/v2\/categories?post=418"},{"taxonomy":"post_tag","embeddable":true,"href":"http:\/\/www.kloster-aiterhofen.de\/Wordpress\/k_wordpress\/wp-json\/wp\/v2\/tags?post=418"}],"curies":[{"name":"wp","href":"https:\/\/api.w.org\/{rel}","templated":true}]}}