{"id":1492,"date":"2024-08-10T11:51:56","date_gmt":"2024-08-10T09:51:56","guid":{"rendered":"https:\/\/www.kloster-aiterhofen.de\/Wordpress\/k_wordpress\/?p=1492"},"modified":"2024-08-10T11:51:56","modified_gmt":"2024-08-10T09:51:56","slug":"fest-der-hl-klara","status":"publish","type":"post","link":"http:\/\/www.kloster-aiterhofen.de\/Wordpress\/k_wordpress\/fest-der-hl-klara\/","title":{"rendered":"Fest der Hl. Klara"},"content":{"rendered":"\n<p>Auf der Seite der Franziskaner (franziskaner.net) hei\u00dft es:<br>Klara erblickt das Licht der Welt als Tochter einer wohlhabenden Adelsfamilie. In ihrer Heimatstadt Assisi lebt auch der Kaufmannssohn Franziskus, dessen \u201eskandal\u00f6se Lebensweise\u201c in der Hinwendung zu den Armen sie tief beeindruckt. Vom inneren Anruf Gottes getrieben, verl\u00e4\u00dft sie, trotz massivem Widerstand ihre Familie, um selbst ein religi\u00f6ses Leben in Armut zu leben.<\/p>\n\n\n\n<p>Sie Gr\u00fcndet mit der Hilfe von Franziskus eine Frauengemeinschaft in der kleinen Kirche von San Damiano vor den Toren von Assisi. Dort erwirkt Klara vom Papst den Segen f\u00fcr eine eigenst\u00e4ndige Ordensregel mit der Zusicherung des Privilegs der vollkommenen Armut. Ein absolutes Novum in der Kirchengeschichte.<\/p>\n\n\n\n<p>Jedes Jahr feiern wir am 11. August den Festtag der Heiligen Klara um an ihr Leben und ihr Vorbild zu erinnern.<\/p>\n\n\n\n<p><strong>Unsere Ordensgemeinschaft hat in Brasilien eine Provinz, die der Hl. Klara geweiht ist. <\/strong><br>Mit unseren brasilianischen und bolivianischen Mitschwestern feiern wir die Hl. Klara.<br><\/p>\n\n\n\n<figure class=\"wp-block-image size-large is-style-default\"><img loading=\"lazy\" decoding=\"async\" width=\"1024\" height=\"763\" src=\"https:\/\/www.kloster-aiterhofen.de\/Wordpress\/k_wordpress\/wp-content\/uploads\/IMG-20240113-WA0031-1024x763.jpg\" alt=\"\" class=\"wp-image-1494\" srcset=\"http:\/\/www.kloster-aiterhofen.de\/Wordpress\/k_wordpress\/wp-content\/uploads\/IMG-20240113-WA0031-1024x763.jpg 1024w, http:\/\/www.kloster-aiterhofen.de\/Wordpress\/k_wordpress\/wp-content\/uploads\/IMG-20240113-WA0031-300x223.jpg 300w, http:\/\/www.kloster-aiterhofen.de\/Wordpress\/k_wordpress\/wp-content\/uploads\/IMG-20240113-WA0031-768x572.jpg 768w, http:\/\/www.kloster-aiterhofen.de\/Wordpress\/k_wordpress\/wp-content\/uploads\/IMG-20240113-WA0031-1536x1144.jpg 1536w, http:\/\/www.kloster-aiterhofen.de\/Wordpress\/k_wordpress\/wp-content\/uploads\/IMG-20240113-WA0031-2048x1525.jpg 2048w\" sizes=\"auto, (max-width: 767px) 89vw, (max-width: 1000px) 54vw, (max-width: 1071px) 543px, 580px\" \/><\/figure>\n","protected":false},"excerpt":{"rendered":"<p>Auf der Seite der Franziskaner (franziskaner.net) hei\u00dft es:Klara erblickt das Licht der Welt als Tochter einer wohlhabenden Adelsfamilie. In ihrer Heimatstadt Assisi lebt auch der Kaufmannssohn Franziskus, dessen \u201eskandal\u00f6se Lebensweise\u201c in der Hinwendung zu den Armen sie tief beeindruckt. Vom inneren Anruf Gottes getrieben, verl\u00e4\u00dft sie, trotz massivem Widerstand ihre Familie, um selbst ein religi\u00f6ses &hellip; <\/p>\n<p class=\"link-more\"><a href=\"http:\/\/www.kloster-aiterhofen.de\/Wordpress\/k_wordpress\/fest-der-hl-klara\/\" class=\"more-link\"><span class=\"screen-reader-text\">\u201eFest der Hl. Klara\u201c<\/span> weiterlesen<\/a><\/p>\n","protected":false},"author":1,"featured_media":0,"comment_status":"closed","ping_status":"closed","sticky":false,"template":"","format":"standard","meta":{"footnotes":""},"categories":[1],"tags":[],"class_list":["post-1492","post","type-post","status-publish","format-standard","hentry","category-allgemein"],"_links":{"self":[{"href":"http:\/\/www.kloster-aiterhofen.de\/Wordpress\/k_wordpress\/wp-json\/wp\/v2\/posts\/1492","targetHints":{"allow":["GET"]}}],"collection":[{"href":"http:\/\/www.kloster-aiterhofen.de\/Wordpress\/k_wordpress\/wp-json\/wp\/v2\/posts"}],"about":[{"href":"http:\/\/www.kloster-aiterhofen.de\/Wordpress\/k_wordpress\/wp-json\/wp\/v2\/types\/post"}],"author":[{"embeddable":true,"href":"http:\/\/www.kloster-aiterhofen.de\/Wordpress\/k_wordpress\/wp-json\/wp\/v2\/users\/1"}],"replies":[{"embeddable":true,"href":"http:\/\/www.kloster-aiterhofen.de\/Wordpress\/k_wordpress\/wp-json\/wp\/v2\/comments?post=1492"}],"version-history":[{"count":1,"href":"http:\/\/www.kloster-aiterhofen.de\/Wordpress\/k_wordpress\/wp-json\/wp\/v2\/posts\/1492\/revisions"}],"predecessor-version":[{"id":1495,"href":"http:\/\/www.kloster-aiterhofen.de\/Wordpress\/k_wordpress\/wp-json\/wp\/v2\/posts\/1492\/revisions\/1495"}],"wp:attachment":[{"href":"http:\/\/www.kloster-aiterhofen.de\/Wordpress\/k_wordpress\/wp-json\/wp\/v2\/media?parent=1492"}],"wp:term":[{"taxonomy":"category","embeddable":true,"href":"http:\/\/www.kloster-aiterhofen.de\/Wordpress\/k_wordpress\/wp-json\/wp\/v2\/categories?post=1492"},{"taxonomy":"post_tag","embeddable":true,"href":"http:\/\/www.kloster-aiterhofen.de\/Wordpress\/k_wordpress\/wp-json\/wp\/v2\/tags?post=1492"}],"curies":[{"name":"wp","href":"https:\/\/api.w.org\/{rel}","templated":true}]}}