{"id":1463,"date":"2024-04-26T09:09:37","date_gmt":"2024-04-26T07:09:37","guid":{"rendered":"http:\/\/www.kloster-aiterhofen.de\/Wordpress\/k_wordpress\/?p=1463"},"modified":"2024-04-26T09:09:37","modified_gmt":"2024-04-26T07:09:37","slug":"gruendungstag-am-26-april-1846","status":"publish","type":"post","link":"http:\/\/www.kloster-aiterhofen.de\/Wordpress\/k_wordpress\/gruendungstag-am-26-april-1846\/","title":{"rendered":"Gr\u00fcndungstag am 26. April 1846"},"content":{"rendered":"\n<p>Die Gr\u00fcndungsurkunde der Franziskanerinnen von der Bu\u00dfe in Aiterhofen lautet auf den 26. April 1846. So k\u00f6nnen wir in diesem Jahr 178 Jahre unserer Kongregation feiern.<\/p>\n\n\n\n<p><\/p>\n\n\n\n<figure class=\"wp-block-gallery has-nested-images columns-default is-cropped wp-block-gallery-1 is-layout-flex wp-block-gallery-is-layout-flex\">\n<figure class=\"wp-block-image size-large is-style-default\"><img loading=\"lazy\" decoding=\"async\" width=\"1024\" height=\"576\" data-id=\"1337\" src=\"http:\/\/www.kloster-aiterhofen.de\/Wordpress\/k_wordpress\/wp-content\/uploads\/cropped-5ce87bcf-fc53-40c4-806d-0ec9bd9f02ec-1024x576.jpg\" alt=\"\" class=\"wp-image-1337\" srcset=\"http:\/\/www.kloster-aiterhofen.de\/Wordpress\/k_wordpress\/wp-content\/uploads\/cropped-5ce87bcf-fc53-40c4-806d-0ec9bd9f02ec-1024x576.jpg 1024w, http:\/\/www.kloster-aiterhofen.de\/Wordpress\/k_wordpress\/wp-content\/uploads\/cropped-5ce87bcf-fc53-40c4-806d-0ec9bd9f02ec-300x169.jpg 300w, http:\/\/www.kloster-aiterhofen.de\/Wordpress\/k_wordpress\/wp-content\/uploads\/cropped-5ce87bcf-fc53-40c4-806d-0ec9bd9f02ec-768x432.jpg 768w, http:\/\/www.kloster-aiterhofen.de\/Wordpress\/k_wordpress\/wp-content\/uploads\/cropped-5ce87bcf-fc53-40c4-806d-0ec9bd9f02ec-1536x863.jpg 1536w, http:\/\/www.kloster-aiterhofen.de\/Wordpress\/k_wordpress\/wp-content\/uploads\/cropped-5ce87bcf-fc53-40c4-806d-0ec9bd9f02ec.jpg 2048w\" sizes=\"auto, (max-width: 767px) 89vw, (max-width: 1000px) 54vw, (max-width: 1071px) 543px, 580px\" \/><\/figure>\n<\/figure>\n\n\n\n<figure class=\"wp-block-gallery has-nested-images columns-default is-cropped wp-block-gallery-2 is-layout-flex wp-block-gallery-is-layout-flex\">\n<figure class=\"wp-block-image size-large is-style-default\"><img loading=\"lazy\" decoding=\"async\" width=\"567\" height=\"866\" data-id=\"992\" src=\"http:\/\/www.kloster-aiterhofen.de\/Wordpress\/k_wordpress\/wp-content\/uploads\/ang.jpg\" alt=\"\" class=\"wp-image-992\" srcset=\"http:\/\/www.kloster-aiterhofen.de\/Wordpress\/k_wordpress\/wp-content\/uploads\/ang.jpg 567w, http:\/\/www.kloster-aiterhofen.de\/Wordpress\/k_wordpress\/wp-content\/uploads\/ang-196x300.jpg 196w\" sizes=\"auto, (max-width: 567px) 100vw, 567px\" \/><\/figure>\n<figcaption class=\"blocks-gallery-caption wp-element-caption\">Unsere Gr\u00fcnderin Schw. Angela Fraundorfer <\/figcaption><\/figure>\n","protected":false},"excerpt":{"rendered":"<p>Die Gr\u00fcndungsurkunde der Franziskanerinnen von der Bu\u00dfe in Aiterhofen lautet auf den 26. April 1846. So k\u00f6nnen wir in diesem Jahr 178 Jahre unserer Kongregation feiern.<\/p>\n","protected":false},"author":1,"featured_media":0,"comment_status":"closed","ping_status":"closed","sticky":false,"template":"","format":"standard","meta":{"footnotes":""},"categories":[1],"tags":[],"class_list":["post-1463","post","type-post","status-publish","format-standard","hentry","category-allgemein"],"_links":{"self":[{"href":"http:\/\/www.kloster-aiterhofen.de\/Wordpress\/k_wordpress\/wp-json\/wp\/v2\/posts\/1463","targetHints":{"allow":["GET"]}}],"collection":[{"href":"http:\/\/www.kloster-aiterhofen.de\/Wordpress\/k_wordpress\/wp-json\/wp\/v2\/posts"}],"about":[{"href":"http:\/\/www.kloster-aiterhofen.de\/Wordpress\/k_wordpress\/wp-json\/wp\/v2\/types\/post"}],"author":[{"embeddable":true,"href":"http:\/\/www.kloster-aiterhofen.de\/Wordpress\/k_wordpress\/wp-json\/wp\/v2\/users\/1"}],"replies":[{"embeddable":true,"href":"http:\/\/www.kloster-aiterhofen.de\/Wordpress\/k_wordpress\/wp-json\/wp\/v2\/comments?post=1463"}],"version-history":[{"count":1,"href":"http:\/\/www.kloster-aiterhofen.de\/Wordpress\/k_wordpress\/wp-json\/wp\/v2\/posts\/1463\/revisions"}],"predecessor-version":[{"id":1464,"href":"http:\/\/www.kloster-aiterhofen.de\/Wordpress\/k_wordpress\/wp-json\/wp\/v2\/posts\/1463\/revisions\/1464"}],"wp:attachment":[{"href":"http:\/\/www.kloster-aiterhofen.de\/Wordpress\/k_wordpress\/wp-json\/wp\/v2\/media?parent=1463"}],"wp:term":[{"taxonomy":"category","embeddable":true,"href":"http:\/\/www.kloster-aiterhofen.de\/Wordpress\/k_wordpress\/wp-json\/wp\/v2\/categories?post=1463"},{"taxonomy":"post_tag","embeddable":true,"href":"http:\/\/www.kloster-aiterhofen.de\/Wordpress\/k_wordpress\/wp-json\/wp\/v2\/tags?post=1463"}],"curies":[{"name":"wp","href":"https:\/\/api.w.org\/{rel}","templated":true}]}}