{"id":1344,"date":"2023-06-15T16:19:26","date_gmt":"2023-06-15T14:19:26","guid":{"rendered":"http:\/\/www.kloster-aiterhofen.de\/Wordpress\/k_wordpress\/?p=1344"},"modified":"2023-10-31T14:05:02","modified_gmt":"2023-10-31T13:05:02","slug":"professjubilaeum-am-10-juni-2023","status":"publish","type":"post","link":"http:\/\/www.kloster-aiterhofen.de\/Wordpress\/k_wordpress\/professjubilaeum-am-10-juni-2023\/","title":{"rendered":"Professjubil\u00e4um am 10. Juni 2023"},"content":{"rendered":"\n<figure class=\"wp-block-image size-large is-style-default\"><img loading=\"lazy\" decoding=\"async\" width=\"1024\" height=\"683\" src=\"http:\/\/www.kloster-aiterhofen.de\/Wordpress\/k_wordpress\/wp-content\/uploads\/IMG_8202-1024x683.jpg\" alt=\"\" class=\"wp-image-1343\" srcset=\"http:\/\/www.kloster-aiterhofen.de\/Wordpress\/k_wordpress\/wp-content\/uploads\/IMG_8202-1024x683.jpg 1024w, http:\/\/www.kloster-aiterhofen.de\/Wordpress\/k_wordpress\/wp-content\/uploads\/IMG_8202-300x200.jpg 300w, http:\/\/www.kloster-aiterhofen.de\/Wordpress\/k_wordpress\/wp-content\/uploads\/IMG_8202-768x512.jpg 768w, http:\/\/www.kloster-aiterhofen.de\/Wordpress\/k_wordpress\/wp-content\/uploads\/IMG_8202-1536x1024.jpg 1536w, http:\/\/www.kloster-aiterhofen.de\/Wordpress\/k_wordpress\/wp-content\/uploads\/IMG_8202-2048x1365.jpg 2048w\" sizes=\"auto, (max-width: 767px) 89vw, (max-width: 1000px) 54vw, (max-width: 1071px) 543px, 580px\" \/><\/figure>\n\n\n\n<p>In diesem Jahr konnten 6 Schwestern ihr 40-, 50-, bzw. 60-j\u00e4hriges Professjubil\u00e4um feiern. Zusammen mit Priestern aus den Heimatgemeinden und dem Kloster verbundenen Pfarrern trafen sich Jubilarinnen und G\u00e4ste zum Festgottesdienst in der Klosterkirche, der von Dekan Johannes Plank feierlich zelebriert wurde. In der Ansprache fragte der Festprediger ausgehend von einer Geschichte, ob es erstrebenswert ist, dass alle denselben Glauben haben, oder ob nicht jeder seinen eigenen Glauben leben sollte. In der Lesung aus der Geheimen Offenbarung erl\u00e4uterte Plank das Bild von Christus, der vor der T\u00fcr steht und anklopft. Die T\u00fcre \u00f6ffnen muss jeder von innen. Erst dann kann der Herr eintreten. Nach dem Gottesdienst waren alle eingeladen im Innenhof des Klosters zum Mittagessen, das von der Klosterk\u00fcche meisterhaft vorbereitet wurde. In frohem Beisammensein und sp\u00e4ter mit Kaffee und Kuchen und einigen anderen Spezialit\u00e4ten ebenfalls von der Klosterk\u00fcche liebevoll bereitet, trafen sich die G\u00e4ste und Jubelschwestern bei der Franziskusvesper in der Klosterkirche, der ebenfalls Dekan Plank vorstand. Voll Dankbarkeit und Freude feierten auch die 3 brasilianischen Schwestern der Gemeinschaft mit, die zur Zeit im Mutterhaus zu Gast waren. Beim Gottesdienst brachten sie mit einem Evangeliumstanz die Bedeutung des Wortes Gottes zum Ausdruck, als Quelle und Richtschnur unseres Lebens. Viele Anwesende waren tief beeindruckt und erz\u00e4hlten noch lange davon.<\/p>\n\n\n\n<figure class=\"wp-block-gallery has-nested-images columns-3 is-cropped wp-block-gallery-1 is-layout-flex wp-block-gallery-is-layout-flex\">\n<figure class=\"wp-block-image size-thumbnail is-style-default\"><a href=\"http:\/\/www.kloster-aiterhofen.de\/Wordpress\/k_wordpress\/wp-content\/uploads\/IMG-20230612-WA0272.jpg\"><img loading=\"lazy\" decoding=\"async\" width=\"150\" height=\"150\" data-id=\"1358\" src=\"http:\/\/www.kloster-aiterhofen.de\/Wordpress\/k_wordpress\/wp-content\/uploads\/IMG-20230612-WA0272-150x150.jpg\" alt=\"\" class=\"wp-image-1358\" srcset=\"http:\/\/www.kloster-aiterhofen.de\/Wordpress\/k_wordpress\/wp-content\/uploads\/IMG-20230612-WA0272-150x150.jpg 150w, http:\/\/www.kloster-aiterhofen.de\/Wordpress\/k_wordpress\/wp-content\/uploads\/IMG-20230612-WA0272-100x100.jpg 100w\" sizes=\"auto, (max-width: 150px) 100vw, 150px\" \/><\/a><\/figure>\n\n\n\n<figure class=\"wp-block-image size-thumbnail is-style-default\"><a href=\"http:\/\/www.kloster-aiterhofen.de\/Wordpress\/k_wordpress\/wp-content\/uploads\/IMG_8188-scaled.jpg\"><img loading=\"lazy\" decoding=\"async\" width=\"150\" height=\"150\" data-id=\"1347\" src=\"http:\/\/www.kloster-aiterhofen.de\/Wordpress\/k_wordpress\/wp-content\/uploads\/IMG_8188-150x150.jpg\" alt=\"\" class=\"wp-image-1347\" srcset=\"http:\/\/www.kloster-aiterhofen.de\/Wordpress\/k_wordpress\/wp-content\/uploads\/IMG_8188-150x150.jpg 150w, http:\/\/www.kloster-aiterhofen.de\/Wordpress\/k_wordpress\/wp-content\/uploads\/IMG_8188-100x100.jpg 100w\" sizes=\"auto, (max-width: 150px) 100vw, 150px\" \/><\/a><\/figure>\n\n\n\n<figure class=\"wp-block-image size-thumbnail is-style-default\"><a href=\"http:\/\/www.kloster-aiterhofen.de\/Wordpress\/k_wordpress\/wp-content\/uploads\/IMG-20230612-WA0271.jpg\"><img loading=\"lazy\" decoding=\"async\" width=\"150\" height=\"150\" data-id=\"1359\" src=\"http:\/\/www.kloster-aiterhofen.de\/Wordpress\/k_wordpress\/wp-content\/uploads\/IMG-20230612-WA0271-150x150.jpg\" alt=\"\" class=\"wp-image-1359\" srcset=\"http:\/\/www.kloster-aiterhofen.de\/Wordpress\/k_wordpress\/wp-content\/uploads\/IMG-20230612-WA0271-150x150.jpg 150w, http:\/\/www.kloster-aiterhofen.de\/Wordpress\/k_wordpress\/wp-content\/uploads\/IMG-20230612-WA0271-100x100.jpg 100w\" sizes=\"auto, (max-width: 150px) 100vw, 150px\" \/><\/a><\/figure>\n\n\n\n<figure class=\"wp-block-image size-thumbnail is-style-default\"><a href=\"http:\/\/www.kloster-aiterhofen.de\/Wordpress\/k_wordpress\/wp-content\/uploads\/IMG-20230612-WA0202.jpg\"><img loading=\"lazy\" decoding=\"async\" width=\"150\" height=\"150\" data-id=\"1354\" src=\"http:\/\/www.kloster-aiterhofen.de\/Wordpress\/k_wordpress\/wp-content\/uploads\/IMG-20230612-WA0202-150x150.jpg\" alt=\"\" class=\"wp-image-1354\" srcset=\"http:\/\/www.kloster-aiterhofen.de\/Wordpress\/k_wordpress\/wp-content\/uploads\/IMG-20230612-WA0202-150x150.jpg 150w, http:\/\/www.kloster-aiterhofen.de\/Wordpress\/k_wordpress\/wp-content\/uploads\/IMG-20230612-WA0202-100x100.jpg 100w\" sizes=\"auto, (max-width: 150px) 100vw, 150px\" \/><\/a><\/figure>\n\n\n\n<figure class=\"wp-block-image size-thumbnail is-style-default\"><a href=\"http:\/\/www.kloster-aiterhofen.de\/Wordpress\/k_wordpress\/wp-content\/uploads\/kredenz.png\"><img loading=\"lazy\" decoding=\"async\" width=\"150\" height=\"150\" data-id=\"1357\" src=\"http:\/\/www.kloster-aiterhofen.de\/Wordpress\/k_wordpress\/wp-content\/uploads\/IMG-20230612-WA0274-150x150.jpg\" alt=\"\" class=\"wp-image-1357\" srcset=\"http:\/\/www.kloster-aiterhofen.de\/Wordpress\/k_wordpress\/wp-content\/uploads\/IMG-20230612-WA0274-150x150.jpg 150w, http:\/\/www.kloster-aiterhofen.de\/Wordpress\/k_wordpress\/wp-content\/uploads\/IMG-20230612-WA0274-100x100.jpg 100w\" sizes=\"auto, (max-width: 150px) 100vw, 150px\" \/><\/a><\/figure>\n\n\n\n<figure class=\"wp-block-image size-thumbnail is-style-default\"><a href=\"http:\/\/www.kloster-aiterhofen.de\/Wordpress\/k_wordpress\/wp-content\/uploads\/IMG-20230612-WA0233.jpg\"><img loading=\"lazy\" decoding=\"async\" width=\"150\" height=\"150\" data-id=\"1360\" src=\"http:\/\/www.kloster-aiterhofen.de\/Wordpress\/k_wordpress\/wp-content\/uploads\/IMG-20230612-WA0233-150x150.jpg\" alt=\"\" class=\"wp-image-1360\" srcset=\"http:\/\/www.kloster-aiterhofen.de\/Wordpress\/k_wordpress\/wp-content\/uploads\/IMG-20230612-WA0233-150x150.jpg 150w, http:\/\/www.kloster-aiterhofen.de\/Wordpress\/k_wordpress\/wp-content\/uploads\/IMG-20230612-WA0233-100x100.jpg 100w\" sizes=\"auto, (max-width: 150px) 100vw, 150px\" \/><\/a><\/figure>\n\n\n\n<figure class=\"wp-block-image size-thumbnail is-style-default\"><a href=\"http:\/\/www.kloster-aiterhofen.de\/Wordpress\/k_wordpress\/wp-content\/uploads\/IMG_8140-scaled.jpg\"><img loading=\"lazy\" decoding=\"async\" width=\"150\" height=\"150\" data-id=\"1346\" src=\"http:\/\/www.kloster-aiterhofen.de\/Wordpress\/k_wordpress\/wp-content\/uploads\/IMG_8140-150x150.jpg\" alt=\"\" class=\"wp-image-1346\" srcset=\"http:\/\/www.kloster-aiterhofen.de\/Wordpress\/k_wordpress\/wp-content\/uploads\/IMG_8140-150x150.jpg 150w, http:\/\/www.kloster-aiterhofen.de\/Wordpress\/k_wordpress\/wp-content\/uploads\/IMG_8140-100x100.jpg 100w\" sizes=\"auto, (max-width: 150px) 100vw, 150px\" \/><\/a><\/figure>\n\n\n\n<figure class=\"wp-block-image size-thumbnail is-style-default\"><a href=\"http:\/\/www.kloster-aiterhofen.de\/Wordpress\/k_wordpress\/wp-content\/uploads\/IMG-20230612-WA0193.jpg\"><img loading=\"lazy\" decoding=\"async\" width=\"150\" height=\"150\" data-id=\"1353\" src=\"http:\/\/www.kloster-aiterhofen.de\/Wordpress\/k_wordpress\/wp-content\/uploads\/IMG-20230612-WA0193-150x150.jpg\" alt=\"\" class=\"wp-image-1353\" srcset=\"http:\/\/www.kloster-aiterhofen.de\/Wordpress\/k_wordpress\/wp-content\/uploads\/IMG-20230612-WA0193-150x150.jpg 150w, http:\/\/www.kloster-aiterhofen.de\/Wordpress\/k_wordpress\/wp-content\/uploads\/IMG-20230612-WA0193-100x100.jpg 100w\" sizes=\"auto, (max-width: 150px) 100vw, 150px\" \/><\/a><\/figure>\n\n\n\n<figure class=\"wp-block-image size-thumbnail is-style-default\"><a href=\"http:\/\/www.kloster-aiterhofen.de\/Wordpress\/k_wordpress\/wp-content\/uploads\/IMG_8261-scaled.jpg\"><img loading=\"lazy\" decoding=\"async\" width=\"150\" height=\"150\" data-id=\"1348\" src=\"http:\/\/www.kloster-aiterhofen.de\/Wordpress\/k_wordpress\/wp-content\/uploads\/IMG_8261-150x150.jpg\" alt=\"\" class=\"wp-image-1348\" srcset=\"http:\/\/www.kloster-aiterhofen.de\/Wordpress\/k_wordpress\/wp-content\/uploads\/IMG_8261-150x150.jpg 150w, http:\/\/www.kloster-aiterhofen.de\/Wordpress\/k_wordpress\/wp-content\/uploads\/IMG_8261-100x100.jpg 100w\" sizes=\"auto, (max-width: 150px) 100vw, 150px\" \/><\/a><\/figure>\n\n\n\n<figure class=\"wp-block-image size-thumbnail is-style-default\"><a href=\"http:\/\/www.kloster-aiterhofen.de\/Wordpress\/k_wordpress\/wp-content\/uploads\/IMG-20230612-WA0050.jpg\"><img loading=\"lazy\" decoding=\"async\" width=\"150\" height=\"150\" data-id=\"1351\" src=\"http:\/\/www.kloster-aiterhofen.de\/Wordpress\/k_wordpress\/wp-content\/uploads\/IMG-20230612-WA0050-150x150.jpg\" alt=\"\" class=\"wp-image-1351\" srcset=\"http:\/\/www.kloster-aiterhofen.de\/Wordpress\/k_wordpress\/wp-content\/uploads\/IMG-20230612-WA0050-150x150.jpg 150w, http:\/\/www.kloster-aiterhofen.de\/Wordpress\/k_wordpress\/wp-content\/uploads\/IMG-20230612-WA0050-100x100.jpg 100w\" sizes=\"auto, (max-width: 150px) 100vw, 150px\" \/><\/a><\/figure>\n\n\n\n<figure class=\"wp-block-image size-thumbnail is-style-default\"><a href=\"http:\/\/www.kloster-aiterhofen.de\/Wordpress\/k_wordpress\/wp-content\/uploads\/IMG-20230612-WA0251.jpg\"><img loading=\"lazy\" decoding=\"async\" width=\"150\" height=\"150\" data-id=\"1355\" src=\"http:\/\/www.kloster-aiterhofen.de\/Wordpress\/k_wordpress\/wp-content\/uploads\/IMG-20230612-WA0251-150x150.jpg\" alt=\"\" class=\"wp-image-1355\" srcset=\"http:\/\/www.kloster-aiterhofen.de\/Wordpress\/k_wordpress\/wp-content\/uploads\/IMG-20230612-WA0251-150x150.jpg 150w, http:\/\/www.kloster-aiterhofen.de\/Wordpress\/k_wordpress\/wp-content\/uploads\/IMG-20230612-WA0251-100x100.jpg 100w\" sizes=\"auto, (max-width: 150px) 100vw, 150px\" \/><\/a><\/figure>\n\n\n\n<figure class=\"wp-block-image size-thumbnail is-style-default\"><a href=\"http:\/\/www.kloster-aiterhofen.de\/Wordpress\/k_wordpress\/wp-content\/uploads\/IMG-20230612-WA0253.jpg\"><img loading=\"lazy\" decoding=\"async\" width=\"150\" height=\"150\" data-id=\"1356\" src=\"http:\/\/www.kloster-aiterhofen.de\/Wordpress\/k_wordpress\/wp-content\/uploads\/IMG-20230612-WA0253-150x150.jpg\" alt=\"\" class=\"wp-image-1356\" srcset=\"http:\/\/www.kloster-aiterhofen.de\/Wordpress\/k_wordpress\/wp-content\/uploads\/IMG-20230612-WA0253-150x150.jpg 150w, http:\/\/www.kloster-aiterhofen.de\/Wordpress\/k_wordpress\/wp-content\/uploads\/IMG-20230612-WA0253-100x100.jpg 100w\" sizes=\"auto, (max-width: 150px) 100vw, 150px\" \/><\/a><\/figure>\n<\/figure>\n\n\n\n<p>Hier sehen Sie die Bildergalerie mit Eindr\u00fccken dieses sch\u00f6nen Festes.<\/p>\n\n\n\n<p>Und wer Interesse an der Meldung im Straubinger Tagblatt vom 14. Juni hat, kann den <a href=\"http:\/\/www.kloster-aiterhofen.de\/Wordpress\/k_wordpress\/wp-content\/uploads\/zeitung.jpg\">Bericht hier lesen!<\/a><\/p>\n\n\n\n<p><\/p>\n","protected":false},"excerpt":{"rendered":"<p>In diesem Jahr konnten 6 Schwestern ihr 40-, 50-, bzw. 60-j\u00e4hriges Professjubil\u00e4um feiern. Zusammen mit Priestern aus den Heimatgemeinden und dem Kloster verbundenen Pfarrern trafen sich Jubilarinnen und G\u00e4ste zum Festgottesdienst in der Klosterkirche, der von Dekan Johannes Plank feierlich zelebriert wurde. In der Ansprache fragte der Festprediger ausgehend von einer Geschichte, ob es erstrebenswert &hellip; <\/p>\n<p class=\"link-more\"><a href=\"http:\/\/www.kloster-aiterhofen.de\/Wordpress\/k_wordpress\/professjubilaeum-am-10-juni-2023\/\" class=\"more-link\"><span class=\"screen-reader-text\">\u201eProfessjubil\u00e4um am 10. Juni 2023\u201c<\/span> weiterlesen<\/a><\/p>\n","protected":false},"author":1,"featured_media":0,"comment_status":"closed","ping_status":"closed","sticky":false,"template":"","format":"standard","meta":{"footnotes":""},"categories":[1],"tags":[],"class_list":["post-1344","post","type-post","status-publish","format-standard","hentry","category-allgemein"],"_links":{"self":[{"href":"http:\/\/www.kloster-aiterhofen.de\/Wordpress\/k_wordpress\/wp-json\/wp\/v2\/posts\/1344","targetHints":{"allow":["GET"]}}],"collection":[{"href":"http:\/\/www.kloster-aiterhofen.de\/Wordpress\/k_wordpress\/wp-json\/wp\/v2\/posts"}],"about":[{"href":"http:\/\/www.kloster-aiterhofen.de\/Wordpress\/k_wordpress\/wp-json\/wp\/v2\/types\/post"}],"author":[{"embeddable":true,"href":"http:\/\/www.kloster-aiterhofen.de\/Wordpress\/k_wordpress\/wp-json\/wp\/v2\/users\/1"}],"replies":[{"embeddable":true,"href":"http:\/\/www.kloster-aiterhofen.de\/Wordpress\/k_wordpress\/wp-json\/wp\/v2\/comments?post=1344"}],"version-history":[{"count":10,"href":"http:\/\/www.kloster-aiterhofen.de\/Wordpress\/k_wordpress\/wp-json\/wp\/v2\/posts\/1344\/revisions"}],"predecessor-version":[{"id":1379,"href":"http:\/\/www.kloster-aiterhofen.de\/Wordpress\/k_wordpress\/wp-json\/wp\/v2\/posts\/1344\/revisions\/1379"}],"wp:attachment":[{"href":"http:\/\/www.kloster-aiterhofen.de\/Wordpress\/k_wordpress\/wp-json\/wp\/v2\/media?parent=1344"}],"wp:term":[{"taxonomy":"category","embeddable":true,"href":"http:\/\/www.kloster-aiterhofen.de\/Wordpress\/k_wordpress\/wp-json\/wp\/v2\/categories?post=1344"},{"taxonomy":"post_tag","embeddable":true,"href":"http:\/\/www.kloster-aiterhofen.de\/Wordpress\/k_wordpress\/wp-json\/wp\/v2\/tags?post=1344"}],"curies":[{"name":"wp","href":"https:\/\/api.w.org\/{rel}","templated":true}]}}