{"id":1333,"date":"2023-04-26T11:36:28","date_gmt":"2023-04-26T09:36:28","guid":{"rendered":"http:\/\/www.kloster-aiterhofen.de\/Wordpress\/k_wordpress\/?p=1333"},"modified":"2023-04-26T11:37:32","modified_gmt":"2023-04-26T09:37:32","slug":"gruendungstag-177-jahre-kloster-aiterhofen","status":"publish","type":"post","link":"http:\/\/www.kloster-aiterhofen.de\/Wordpress\/k_wordpress\/gruendungstag-177-jahre-kloster-aiterhofen\/","title":{"rendered":"Gr\u00fcndungstag &#8211; 177 Jahre Kloster Aiterhofen"},"content":{"rendered":"\n<figure class=\"wp-block-image size-large is-style-default\"><img loading=\"lazy\" decoding=\"async\" width=\"1024\" height=\"576\" src=\"http:\/\/www.kloster-aiterhofen.de\/Wordpress\/k_wordpress\/wp-content\/uploads\/5ce87bcf-fc53-40c4-806d-0ec9bd9f02ec-1024x576.jpg\" alt=\"\" class=\"wp-image-1334\" srcset=\"http:\/\/www.kloster-aiterhofen.de\/Wordpress\/k_wordpress\/wp-content\/uploads\/5ce87bcf-fc53-40c4-806d-0ec9bd9f02ec-1024x576.jpg 1024w, http:\/\/www.kloster-aiterhofen.de\/Wordpress\/k_wordpress\/wp-content\/uploads\/5ce87bcf-fc53-40c4-806d-0ec9bd9f02ec-300x169.jpg 300w, http:\/\/www.kloster-aiterhofen.de\/Wordpress\/k_wordpress\/wp-content\/uploads\/5ce87bcf-fc53-40c4-806d-0ec9bd9f02ec-768x432.jpg 768w, http:\/\/www.kloster-aiterhofen.de\/Wordpress\/k_wordpress\/wp-content\/uploads\/5ce87bcf-fc53-40c4-806d-0ec9bd9f02ec-1536x863.jpg 1536w, http:\/\/www.kloster-aiterhofen.de\/Wordpress\/k_wordpress\/wp-content\/uploads\/5ce87bcf-fc53-40c4-806d-0ec9bd9f02ec.jpg 2048w\" sizes=\"auto, (max-width: 767px) 89vw, (max-width: 1000px) 54vw, (max-width: 1071px) 543px, 580px\" \/><\/figure>\n\n\n\n<p>Am 26.04.1846 erhielten die Gr\u00fcnderinnen die Urkunde von K\u00f6nig Ludwig I.<br><br>&#8222;<em>Auf den Bericht vom Nov. v. Jahres bemerkten Betreffes wird der K\u00f6niglichen Regierung unter R\u00fcckschluss der vorgelegten Akten und Beilagen zur Entschlie\u00dfung er\u00f6ffnet wie<br>Seine Majest\u00e4t der K\u00f6nig allergn\u00e4digst zu genehmigen geruht haben.<br>1. dass zu Aiterhofen K. Landgerichts Straubing &#8230; sich ein religi\u00f6ser Verein von Jungfrauen bilde, welcher unter der Regel des dritten Ordens des hl. Franziskus von Assisi dem Gebete, der Betrachtung und Abt\u00f6tung sowie der Verpflegung und Auferziehung verwahrloster unehelicher Kinder weiblichen Geschlechts unter der Aufsicht der geistlichen und weltlichen Beh\u00f6rden sich widmet.<\/em><br><em>M\u00fcnchen, den 26. April 1846<br>Auf Sr. Majest\u00e4t des K\u00f6nigs allerh\u00f6chsten Befehl<\/em><\/p>\n","protected":false},"excerpt":{"rendered":"<p>Am 26.04.1846 erhielten die Gr\u00fcnderinnen die Urkunde von K\u00f6nig Ludwig I. &#8222;Auf den Bericht vom Nov. v. Jahres bemerkten Betreffes wird der K\u00f6niglichen Regierung unter R\u00fcckschluss der vorgelegten Akten und Beilagen zur Entschlie\u00dfung er\u00f6ffnet wieSeine Majest\u00e4t der K\u00f6nig allergn\u00e4digst zu genehmigen geruht haben.1. dass zu Aiterhofen K. Landgerichts Straubing &#8230; sich ein religi\u00f6ser Verein von &hellip; <\/p>\n<p class=\"link-more\"><a href=\"http:\/\/www.kloster-aiterhofen.de\/Wordpress\/k_wordpress\/gruendungstag-177-jahre-kloster-aiterhofen\/\" class=\"more-link\"><span class=\"screen-reader-text\">\u201eGr\u00fcndungstag &#8211; 177 Jahre Kloster Aiterhofen\u201c<\/span> weiterlesen<\/a><\/p>\n","protected":false},"author":1,"featured_media":0,"comment_status":"closed","ping_status":"closed","sticky":false,"template":"","format":"standard","meta":{"footnotes":""},"categories":[1],"tags":[],"class_list":["post-1333","post","type-post","status-publish","format-standard","hentry","category-allgemein"],"_links":{"self":[{"href":"http:\/\/www.kloster-aiterhofen.de\/Wordpress\/k_wordpress\/wp-json\/wp\/v2\/posts\/1333","targetHints":{"allow":["GET"]}}],"collection":[{"href":"http:\/\/www.kloster-aiterhofen.de\/Wordpress\/k_wordpress\/wp-json\/wp\/v2\/posts"}],"about":[{"href":"http:\/\/www.kloster-aiterhofen.de\/Wordpress\/k_wordpress\/wp-json\/wp\/v2\/types\/post"}],"author":[{"embeddable":true,"href":"http:\/\/www.kloster-aiterhofen.de\/Wordpress\/k_wordpress\/wp-json\/wp\/v2\/users\/1"}],"replies":[{"embeddable":true,"href":"http:\/\/www.kloster-aiterhofen.de\/Wordpress\/k_wordpress\/wp-json\/wp\/v2\/comments?post=1333"}],"version-history":[{"count":2,"href":"http:\/\/www.kloster-aiterhofen.de\/Wordpress\/k_wordpress\/wp-json\/wp\/v2\/posts\/1333\/revisions"}],"predecessor-version":[{"id":1336,"href":"http:\/\/www.kloster-aiterhofen.de\/Wordpress\/k_wordpress\/wp-json\/wp\/v2\/posts\/1333\/revisions\/1336"}],"wp:attachment":[{"href":"http:\/\/www.kloster-aiterhofen.de\/Wordpress\/k_wordpress\/wp-json\/wp\/v2\/media?parent=1333"}],"wp:term":[{"taxonomy":"category","embeddable":true,"href":"http:\/\/www.kloster-aiterhofen.de\/Wordpress\/k_wordpress\/wp-json\/wp\/v2\/categories?post=1333"},{"taxonomy":"post_tag","embeddable":true,"href":"http:\/\/www.kloster-aiterhofen.de\/Wordpress\/k_wordpress\/wp-json\/wp\/v2\/tags?post=1333"}],"curies":[{"name":"wp","href":"https:\/\/api.w.org\/{rel}","templated":true}]}}