{"id":1308,"date":"2023-04-08T14:45:20","date_gmt":"2023-04-08T12:45:20","guid":{"rendered":"http:\/\/www.kloster-aiterhofen.de\/Wordpress\/k_wordpress\/?p=1308"},"modified":"2023-04-08T14:48:02","modified_gmt":"2023-04-08T12:48:02","slug":"ostern-der-herr-ist-wahrhaft-auferstanden-halleluja","status":"publish","type":"post","link":"http:\/\/www.kloster-aiterhofen.de\/Wordpress\/k_wordpress\/ostern-der-herr-ist-wahrhaft-auferstanden-halleluja\/","title":{"rendered":"Ostern &#8211; Der Herr ist wahrhaft auferstanden, Halleluja"},"content":{"rendered":"\n<p>40 Tage haben wir  uns in der \u00f6sterlichen Bu\u00dfzeit auf das Osterfest vorbereitet. Intensiver in der Karwoche mit Gottesdiensten, Impulsen und pers\u00f6nlichen Vorbereitungen.<br>Nun feiern wir Ostern, der Herr ist wahrhaft auferstanden und hat den Tod \u00fcberwunden. <br>Er lebt und gibt uns die Zusage, dass auch wir leben d\u00fcrfen. Bei der Begegnung mit den J\u00fcngern sendet er sie zu allen Menschen. Seine Zusage d\u00fcrfen wir verk\u00fcnden:<br>&#8222;Frieden hinterlasse ich euch, meinen Frieden gebe ich euch&#8220;.<br>So w\u00fcnschen wir allen Besuchern diesen Osterfrieden, den die Welt so dringend braucht.<\/p>\n\n\n\n<figure class=\"wp-block-gallery has-nested-images columns-default is-cropped wp-block-gallery-1 is-layout-flex wp-block-gallery-is-layout-flex\">\n<figure class=\"wp-block-image size-large is-style-default\"><img loading=\"lazy\" decoding=\"async\" width=\"1024\" height=\"576\" data-id=\"1314\" src=\"http:\/\/www.kloster-aiterhofen.de\/Wordpress\/k_wordpress\/wp-content\/uploads\/1-1024x576.jpg\" alt=\"\" class=\"wp-image-1314\" srcset=\"http:\/\/www.kloster-aiterhofen.de\/Wordpress\/k_wordpress\/wp-content\/uploads\/1-1024x576.jpg 1024w, http:\/\/www.kloster-aiterhofen.de\/Wordpress\/k_wordpress\/wp-content\/uploads\/1-300x169.jpg 300w, http:\/\/www.kloster-aiterhofen.de\/Wordpress\/k_wordpress\/wp-content\/uploads\/1-768x432.jpg 768w, http:\/\/www.kloster-aiterhofen.de\/Wordpress\/k_wordpress\/wp-content\/uploads\/1-1536x863.jpg 1536w, http:\/\/www.kloster-aiterhofen.de\/Wordpress\/k_wordpress\/wp-content\/uploads\/1.jpg 2048w\" sizes=\"auto, (max-width: 767px) 89vw, (max-width: 1000px) 54vw, (max-width: 1071px) 543px, 580px\" \/><\/figure>\n\n\n\n<figure class=\"wp-block-image size-large is-style-default\"><img loading=\"lazy\" decoding=\"async\" width=\"575\" height=\"1024\" data-id=\"1311\" src=\"http:\/\/www.kloster-aiterhofen.de\/Wordpress\/k_wordpress\/wp-content\/uploads\/3-575x1024.jpg\" alt=\"\" class=\"wp-image-1311\" srcset=\"http:\/\/www.kloster-aiterhofen.de\/Wordpress\/k_wordpress\/wp-content\/uploads\/3-575x1024.jpg 575w, http:\/\/www.kloster-aiterhofen.de\/Wordpress\/k_wordpress\/wp-content\/uploads\/3-169x300.jpg 169w, http:\/\/www.kloster-aiterhofen.de\/Wordpress\/k_wordpress\/wp-content\/uploads\/3.jpg 719w\" sizes=\"auto, (max-width: 575px) 100vw, 575px\" \/><\/figure>\n\n\n\n<figure class=\"wp-block-image size-large is-style-default\"><img loading=\"lazy\" decoding=\"async\" width=\"1151\" height=\"2048\" data-id=\"1315\" src=\"http:\/\/www.kloster-aiterhofen.de\/Wordpress\/k_wordpress\/wp-content\/uploads\/4-576x1024.jpg\" alt=\"\" class=\"wp-image-1315\" srcset=\"http:\/\/www.kloster-aiterhofen.de\/Wordpress\/k_wordpress\/wp-content\/uploads\/4-576x1024.jpg 576w, http:\/\/www.kloster-aiterhofen.de\/Wordpress\/k_wordpress\/wp-content\/uploads\/4-169x300.jpg 169w, http:\/\/www.kloster-aiterhofen.de\/Wordpress\/k_wordpress\/wp-content\/uploads\/4-768x1367.jpg 768w, http:\/\/www.kloster-aiterhofen.de\/Wordpress\/k_wordpress\/wp-content\/uploads\/4-863x1536.jpg 863w, http:\/\/www.kloster-aiterhofen.de\/Wordpress\/k_wordpress\/wp-content\/uploads\/4.jpg 1151w\" sizes=\"auto, (max-width: 767px) 89vw, (max-width: 1000px) 54vw, (max-width: 1071px) 543px, 580px\" \/><\/figure>\n\n\n\n<figure class=\"wp-block-image size-large is-style-default\"><img loading=\"lazy\" decoding=\"async\" width=\"576\" height=\"1024\" data-id=\"1313\" src=\"http:\/\/www.kloster-aiterhofen.de\/Wordpress\/k_wordpress\/wp-content\/uploads\/6-576x1024.jpg\" alt=\"\" class=\"wp-image-1313\" srcset=\"http:\/\/www.kloster-aiterhofen.de\/Wordpress\/k_wordpress\/wp-content\/uploads\/6-576x1024.jpg 576w, http:\/\/www.kloster-aiterhofen.de\/Wordpress\/k_wordpress\/wp-content\/uploads\/6-169x300.jpg 169w, http:\/\/www.kloster-aiterhofen.de\/Wordpress\/k_wordpress\/wp-content\/uploads\/6-768x1365.jpg 768w, http:\/\/www.kloster-aiterhofen.de\/Wordpress\/k_wordpress\/wp-content\/uploads\/6-864x1536.jpg 864w, http:\/\/www.kloster-aiterhofen.de\/Wordpress\/k_wordpress\/wp-content\/uploads\/6.jpg 1152w\" sizes=\"auto, (max-width: 576px) 100vw, 576px\" \/><\/figure>\n<\/figure>\n","protected":false},"excerpt":{"rendered":"<p>40 Tage haben wir uns in der \u00f6sterlichen Bu\u00dfzeit auf das Osterfest vorbereitet. Intensiver in der Karwoche mit Gottesdiensten, Impulsen und pers\u00f6nlichen Vorbereitungen.Nun feiern wir Ostern, der Herr ist wahrhaft auferstanden und hat den Tod \u00fcberwunden. Er lebt und gibt uns die Zusage, dass auch wir leben d\u00fcrfen. Bei der Begegnung mit den J\u00fcngern sendet &hellip; <\/p>\n<p class=\"link-more\"><a href=\"http:\/\/www.kloster-aiterhofen.de\/Wordpress\/k_wordpress\/ostern-der-herr-ist-wahrhaft-auferstanden-halleluja\/\" class=\"more-link\"><span class=\"screen-reader-text\">\u201eOstern &#8211; Der Herr ist wahrhaft auferstanden, Halleluja\u201c<\/span> weiterlesen<\/a><\/p>\n","protected":false},"author":1,"featured_media":0,"comment_status":"closed","ping_status":"closed","sticky":false,"template":"","format":"standard","meta":{"footnotes":""},"categories":[1],"tags":[],"class_list":["post-1308","post","type-post","status-publish","format-standard","hentry","category-allgemein"],"_links":{"self":[{"href":"http:\/\/www.kloster-aiterhofen.de\/Wordpress\/k_wordpress\/wp-json\/wp\/v2\/posts\/1308","targetHints":{"allow":["GET"]}}],"collection":[{"href":"http:\/\/www.kloster-aiterhofen.de\/Wordpress\/k_wordpress\/wp-json\/wp\/v2\/posts"}],"about":[{"href":"http:\/\/www.kloster-aiterhofen.de\/Wordpress\/k_wordpress\/wp-json\/wp\/v2\/types\/post"}],"author":[{"embeddable":true,"href":"http:\/\/www.kloster-aiterhofen.de\/Wordpress\/k_wordpress\/wp-json\/wp\/v2\/users\/1"}],"replies":[{"embeddable":true,"href":"http:\/\/www.kloster-aiterhofen.de\/Wordpress\/k_wordpress\/wp-json\/wp\/v2\/comments?post=1308"}],"version-history":[{"count":3,"href":"http:\/\/www.kloster-aiterhofen.de\/Wordpress\/k_wordpress\/wp-json\/wp\/v2\/posts\/1308\/revisions"}],"predecessor-version":[{"id":1316,"href":"http:\/\/www.kloster-aiterhofen.de\/Wordpress\/k_wordpress\/wp-json\/wp\/v2\/posts\/1308\/revisions\/1316"}],"wp:attachment":[{"href":"http:\/\/www.kloster-aiterhofen.de\/Wordpress\/k_wordpress\/wp-json\/wp\/v2\/media?parent=1308"}],"wp:term":[{"taxonomy":"category","embeddable":true,"href":"http:\/\/www.kloster-aiterhofen.de\/Wordpress\/k_wordpress\/wp-json\/wp\/v2\/categories?post=1308"},{"taxonomy":"post_tag","embeddable":true,"href":"http:\/\/www.kloster-aiterhofen.de\/Wordpress\/k_wordpress\/wp-json\/wp\/v2\/tags?post=1308"}],"curies":[{"name":"wp","href":"https:\/\/api.w.org\/{rel}","templated":true}]}}