{"id":1141,"date":"2022-04-06T07:26:11","date_gmt":"2022-04-06T05:26:11","guid":{"rendered":"http:\/\/www.kloster-aiterhofen.de\/Wordpress\/k_wordpress\/?p=1141"},"modified":"2022-04-06T07:26:11","modified_gmt":"2022-04-06T05:26:11","slug":"endspurt-auf-ostern-hin","status":"publish","type":"post","link":"http:\/\/www.kloster-aiterhofen.de\/Wordpress\/k_wordpress\/endspurt-auf-ostern-hin\/","title":{"rendered":"Endspurt auf Ostern hin"},"content":{"rendered":"\n<p>Nur noch knapp 10 Tage bis Ostern. Wir bereiten uns auf die Kar- und Ostertage im Kloster vor. Gottesdienste, Impulse und Besinnung, gemeinsam und jede f\u00fcr sich helfen uns, das Fest der Feste &#8211; Ostern &#8211; die Auferstehung unseres Herr Jesus Christus in Freude und Dankbarkeit zu feiern. Dabei vergessen wir nicht das t\u00e4gliche Gebet f\u00fcr die N\u00f6te unserer Zeit, f\u00fcr die Anliegen, die uns anvertraut werden oder durch Ereignisse in unser Blickfeld kommen. Besonders beten wir auch mit unserer Schulfamilie um den Frieden in der Ukraine und der ganzen Welt.<\/p>\n\n\n\n<figure class=\"wp-block-image size-large is-resized\"><img loading=\"lazy\" decoding=\"async\" src=\"http:\/\/www.kloster-aiterhofen.de\/Wordpress\/k_wordpress\/wp-content\/uploads\/20220311_092115-576x1024.jpg\" alt=\"\" class=\"wp-image-1142\" width=\"496\" height=\"881\" srcset=\"http:\/\/www.kloster-aiterhofen.de\/Wordpress\/k_wordpress\/wp-content\/uploads\/20220311_092115-576x1024.jpg 576w, http:\/\/www.kloster-aiterhofen.de\/Wordpress\/k_wordpress\/wp-content\/uploads\/20220311_092115-169x300.jpg 169w, http:\/\/www.kloster-aiterhofen.de\/Wordpress\/k_wordpress\/wp-content\/uploads\/20220311_092115-768x1366.jpg 768w, http:\/\/www.kloster-aiterhofen.de\/Wordpress\/k_wordpress\/wp-content\/uploads\/20220311_092115-scaled.jpg 1439w\" sizes=\"auto, (max-width: 496px) 100vw, 496px\" \/><figcaption>UNESCO-Friedenstaube<\/figcaption><\/figure>\n","protected":false},"excerpt":{"rendered":"<p>Nur noch knapp 10 Tage bis Ostern. Wir bereiten uns auf die Kar- und Ostertage im Kloster vor. Gottesdienste, Impulse und Besinnung, gemeinsam und jede f\u00fcr sich helfen uns, das Fest der Feste &#8211; Ostern &#8211; die Auferstehung unseres Herr Jesus Christus in Freude und Dankbarkeit zu feiern. Dabei vergessen wir nicht das t\u00e4gliche Gebet &hellip; <\/p>\n<p class=\"link-more\"><a href=\"http:\/\/www.kloster-aiterhofen.de\/Wordpress\/k_wordpress\/endspurt-auf-ostern-hin\/\" class=\"more-link\"><span class=\"screen-reader-text\">\u201eEndspurt auf Ostern hin\u201c<\/span> weiterlesen<\/a><\/p>\n","protected":false},"author":1,"featured_media":0,"comment_status":"closed","ping_status":"closed","sticky":false,"template":"","format":"standard","meta":{"footnotes":""},"categories":[1],"tags":[],"class_list":["post-1141","post","type-post","status-publish","format-standard","hentry","category-allgemein"],"_links":{"self":[{"href":"http:\/\/www.kloster-aiterhofen.de\/Wordpress\/k_wordpress\/wp-json\/wp\/v2\/posts\/1141","targetHints":{"allow":["GET"]}}],"collection":[{"href":"http:\/\/www.kloster-aiterhofen.de\/Wordpress\/k_wordpress\/wp-json\/wp\/v2\/posts"}],"about":[{"href":"http:\/\/www.kloster-aiterhofen.de\/Wordpress\/k_wordpress\/wp-json\/wp\/v2\/types\/post"}],"author":[{"embeddable":true,"href":"http:\/\/www.kloster-aiterhofen.de\/Wordpress\/k_wordpress\/wp-json\/wp\/v2\/users\/1"}],"replies":[{"embeddable":true,"href":"http:\/\/www.kloster-aiterhofen.de\/Wordpress\/k_wordpress\/wp-json\/wp\/v2\/comments?post=1141"}],"version-history":[{"count":1,"href":"http:\/\/www.kloster-aiterhofen.de\/Wordpress\/k_wordpress\/wp-json\/wp\/v2\/posts\/1141\/revisions"}],"predecessor-version":[{"id":1143,"href":"http:\/\/www.kloster-aiterhofen.de\/Wordpress\/k_wordpress\/wp-json\/wp\/v2\/posts\/1141\/revisions\/1143"}],"wp:attachment":[{"href":"http:\/\/www.kloster-aiterhofen.de\/Wordpress\/k_wordpress\/wp-json\/wp\/v2\/media?parent=1141"}],"wp:term":[{"taxonomy":"category","embeddable":true,"href":"http:\/\/www.kloster-aiterhofen.de\/Wordpress\/k_wordpress\/wp-json\/wp\/v2\/categories?post=1141"},{"taxonomy":"post_tag","embeddable":true,"href":"http:\/\/www.kloster-aiterhofen.de\/Wordpress\/k_wordpress\/wp-json\/wp\/v2\/tags?post=1141"}],"curies":[{"name":"wp","href":"https:\/\/api.w.org\/{rel}","templated":true}]}}