{"id":1031,"date":"2021-01-01T15:43:06","date_gmt":"2021-01-01T14:43:06","guid":{"rendered":"http:\/\/www.kloster-aiterhofen.de\/Wordpress\/k_wordpress\/?p=1031"},"modified":"2021-01-01T15:43:16","modified_gmt":"2021-01-01T14:43:16","slug":"ein-neues-jahr-hat-angefangen","status":"publish","type":"post","link":"http:\/\/www.kloster-aiterhofen.de\/Wordpress\/k_wordpress\/ein-neues-jahr-hat-angefangen\/","title":{"rendered":"Ein neues Jahr hat angefangen"},"content":{"rendered":"\n<p>Von guten M\u00e4chten treu uns still umgeben &#8211; so haben wir das neue Jahr angefangen. In der Nacht beteten wir von 23 &#8211; 24 Uhr in der Kapelle und nahmen alle Anliegen, die uns anvertraut wurden mit hinein. Gott m\u00f6ge dieses Jahr 2021 segnen und damit auch alle Menschen, die mit uns leben, die uns anvertraut sind und die unsere Hilfe brauchen. Der aaronitische Segen, den auch der Hl. Franziskus als Segensgebet f\u00fcr alle seine Br\u00fcder und Schwestern gebetet hat, lautet: Der Herr segne und beh\u00fcte dich, er zeige dir sein Angesicht, er wende dir sein Antlitz zu und erbarme sich deiner.<\/p>\n\n\n\n<figure class=\"wp-block-image size-large\"><img loading=\"lazy\" decoding=\"async\" width=\"945\" height=\"862\" src=\"http:\/\/www.kloster-aiterhofen.de\/Wordpress\/k_wordpress\/wp-content\/uploads\/neujahrssegen.jpg\" alt=\"\" class=\"wp-image-1032\" srcset=\"http:\/\/www.kloster-aiterhofen.de\/Wordpress\/k_wordpress\/wp-content\/uploads\/neujahrssegen.jpg 945w, http:\/\/www.kloster-aiterhofen.de\/Wordpress\/k_wordpress\/wp-content\/uploads\/neujahrssegen-300x274.jpg 300w, http:\/\/www.kloster-aiterhofen.de\/Wordpress\/k_wordpress\/wp-content\/uploads\/neujahrssegen-768x701.jpg 768w\" sizes=\"auto, (max-width: 767px) 89vw, (max-width: 1000px) 54vw, (max-width: 1071px) 543px, 580px\" \/><\/figure>\n","protected":false},"excerpt":{"rendered":"<p>Von guten M\u00e4chten treu uns still umgeben &#8211; so haben wir das neue Jahr angefangen. In der Nacht beteten wir von 23 &#8211; 24 Uhr in der Kapelle und nahmen alle Anliegen, die uns anvertraut wurden mit hinein. Gott m\u00f6ge dieses Jahr 2021 segnen und damit auch alle Menschen, die mit uns leben, die uns &hellip; <\/p>\n<p class=\"link-more\"><a href=\"http:\/\/www.kloster-aiterhofen.de\/Wordpress\/k_wordpress\/ein-neues-jahr-hat-angefangen\/\" class=\"more-link\"><span class=\"screen-reader-text\">\u201eEin neues Jahr hat angefangen\u201c<\/span> weiterlesen<\/a><\/p>\n","protected":false},"author":1,"featured_media":0,"comment_status":"closed","ping_status":"closed","sticky":false,"template":"","format":"standard","meta":{"footnotes":""},"categories":[1],"tags":[],"class_list":["post-1031","post","type-post","status-publish","format-standard","hentry","category-allgemein"],"_links":{"self":[{"href":"http:\/\/www.kloster-aiterhofen.de\/Wordpress\/k_wordpress\/wp-json\/wp\/v2\/posts\/1031","targetHints":{"allow":["GET"]}}],"collection":[{"href":"http:\/\/www.kloster-aiterhofen.de\/Wordpress\/k_wordpress\/wp-json\/wp\/v2\/posts"}],"about":[{"href":"http:\/\/www.kloster-aiterhofen.de\/Wordpress\/k_wordpress\/wp-json\/wp\/v2\/types\/post"}],"author":[{"embeddable":true,"href":"http:\/\/www.kloster-aiterhofen.de\/Wordpress\/k_wordpress\/wp-json\/wp\/v2\/users\/1"}],"replies":[{"embeddable":true,"href":"http:\/\/www.kloster-aiterhofen.de\/Wordpress\/k_wordpress\/wp-json\/wp\/v2\/comments?post=1031"}],"version-history":[{"count":3,"href":"http:\/\/www.kloster-aiterhofen.de\/Wordpress\/k_wordpress\/wp-json\/wp\/v2\/posts\/1031\/revisions"}],"predecessor-version":[{"id":1035,"href":"http:\/\/www.kloster-aiterhofen.de\/Wordpress\/k_wordpress\/wp-json\/wp\/v2\/posts\/1031\/revisions\/1035"}],"wp:attachment":[{"href":"http:\/\/www.kloster-aiterhofen.de\/Wordpress\/k_wordpress\/wp-json\/wp\/v2\/media?parent=1031"}],"wp:term":[{"taxonomy":"category","embeddable":true,"href":"http:\/\/www.kloster-aiterhofen.de\/Wordpress\/k_wordpress\/wp-json\/wp\/v2\/categories?post=1031"},{"taxonomy":"post_tag","embeddable":true,"href":"http:\/\/www.kloster-aiterhofen.de\/Wordpress\/k_wordpress\/wp-json\/wp\/v2\/tags?post=1031"}],"curies":[{"name":"wp","href":"https:\/\/api.w.org\/{rel}","templated":true}]}}